{"id":2995,"date":"2026-03-01T00:07:32","date_gmt":"2026-03-01T00:07:32","guid":{"rendered":"https:\/\/fmlibertadfeliciano.com.ar\/?p=2995"},"modified":"2026-03-01T00:07:32","modified_gmt":"2026-03-01T00:07:32","slug":"cierre-del-taller-literario-de-belen-zavallo","status":"publish","type":"post","link":"https:\/\/fmlibertadfeliciano.com.ar\/?p=2995","title":{"rendered":"Cierre del taller literario de Bel\u00e9n Zavallo"},"content":{"rendered":"<p>\u200b\u00a0<\/p>\n<p>\u200b\u00a0<\/p>\n<p>\u200b<span class=\"cb-itemprop\"><\/span><\/p>\n<p>\u00a0<\/p>\n<p>En un espacio abierto frente al r\u00edo, en el Balneario Municipal de Paran\u00e1, se desarroll\u00f3 desde diciembre del a\u00f1o pasado hasta febrero, el primer ciclo del Taller de Verano de Escritura Literaria \u201cEl vuelo de las chicharras\u201d.<\/p>\n<p>La propuesta, coordinada por la escritora y profesora Bel\u00e9n Zavallo, fue impulsada por la Universidad Aut\u00f3noma de Entre R\u00edos (Uader), a trav\u00e9s del Departamento Cultura.<\/p>\n<p>Como cierre del taller, el lunes 2 de marzo, a las 18,30, se realizar\u00e1 en el lugar una actividad abierta al p\u00fablico, con acceso libre. Quienes participaron del espacio compartir\u00e1n las lecturas de algunos poemas y escritos producidos en ese marco.<\/p>\n<p>Cabe destacar que la intenci\u00f3n de esta opci\u00f3n veraniega fue darle continuidad al taller que se realiza durante el resto del a\u00f1o en la Biblioteca Popular del Paran\u00e1 y tambi\u00e9n en modalidad virtual. Precisamente, en la oportunidad se informar\u00e1 de la nueva convocatoria de los talleres culturales de Uader, gratuitos y abiertos a la comunidad.<\/p>\n<p>En este ciclo de \u201cEl vuelo de las chicharras\u201d se trabaj\u00f3 especialmente con escritores y escritoras de Entre R\u00edos, promoviendo el contacto directo con el paisaje del r\u00edo como contexto inmediato de creaci\u00f3n e inspiraci\u00f3n. La propuesta, en cada encuentro, fue \u201cescuchar cu\u00e1l es la forma que cada persona tiene de decir el mundo, de saber d\u00f3nde estamos parados\u201d, expres\u00f3 Zavallo.<\/p>\n<p>\u00a0<\/p>\n<p>\u00a0<\/p>\n<p>De la Redacci\u00f3n de Entre R\u00edos Ahora<\/p>\n<p>\u00a0\u00a0 En un espacio abierto frente al r\u00edo, en el Balneario Municipal de Paran\u00e1, se desarroll\u00f3 desde diciembre del a\u00f1o pasado hasta febrero, el primer ciclo del Taller de Verano de Escritura Literaria \u201cEl vuelo de las chicharras\u201d. La propuesta, coordinada por la escritora y profesora Bel\u00e9n Zavallo, fue impulsada por la Universidad Aut\u00f3noma de<\/p>","protected":false},"excerpt":{"rendered":"<div class=\"mh-excerpt\"><p>\u200b\u00a0 \u200b\u00a0 \u200b \u00a0 En un espacio abierto frente al r\u00edo, en el Balneario Municipal de Paran\u00e1, se desarroll\u00f3 desde diciembre del a\u00f1o pasado hasta <a class=\"mh-excerpt-more\" href=\"https:\/\/fmlibertadfeliciano.com.ar\/?p=2995\" title=\"Cierre del taller literario de Bel\u00e9n Zavallo\">[&#8230;]<\/a><\/p>\n<\/div>","protected":false},"author":1,"featured_media":0,"comment_status":"open","ping_status":"open","sticky":false,"template":"","format":"standard","meta":{"footnotes":""},"categories":[1],"tags":[],"class_list":["post-2995","post","type-post","status-publish","format-standard","hentry","category-sin-categoria"],"_links":{"self":[{"href":"https:\/\/fmlibertadfeliciano.com.ar\/index.php?rest_route=\/wp\/v2\/posts\/2995","targetHints":{"allow":["GET"]}}],"collection":[{"href":"https:\/\/fmlibertadfeliciano.com.ar\/index.php?rest_route=\/wp\/v2\/posts"}],"about":[{"href":"https:\/\/fmlibertadfeliciano.com.ar\/index.php?rest_route=\/wp\/v2\/types\/post"}],"author":[{"embeddable":true,"href":"https:\/\/fmlibertadfeliciano.com.ar\/index.php?rest_route=\/wp\/v2\/users\/1"}],"replies":[{"embeddable":true,"href":"https:\/\/fmlibertadfeliciano.com.ar\/index.php?rest_route=%2Fwp%2Fv2%2Fcomments&post=2995"}],"version-history":[{"count":0,"href":"https:\/\/fmlibertadfeliciano.com.ar\/index.php?rest_route=\/wp\/v2\/posts\/2995\/revisions"}],"wp:attachment":[{"href":"https:\/\/fmlibertadfeliciano.com.ar\/index.php?rest_route=%2Fwp%2Fv2%2Fmedia&parent=2995"}],"wp:term":[{"taxonomy":"category","embeddable":true,"href":"https:\/\/fmlibertadfeliciano.com.ar\/index.php?rest_route=%2Fwp%2Fv2%2Fcategories&post=2995"},{"taxonomy":"post_tag","embeddable":true,"href":"https:\/\/fmlibertadfeliciano.com.ar\/index.php?rest_route=%2Fwp%2Fv2%2Ftags&post=2995"}],"curies":[{"name":"wp","href":"https:\/\/api.w.org\/{rel}","templated":true}]}}