{"id":2997,"date":"2026-03-02T10:32:12","date_gmt":"2026-03-02T10:32:12","guid":{"rendered":"https:\/\/fmlibertadfeliciano.com.ar\/?p=2997"},"modified":"2026-03-02T10:32:12","modified_gmt":"2026-03-02T10:32:12","slug":"liberaron-a-nahuel-gallo-el-gendarme-argentino-detenido-en-venezuela-por-el-regimen-de-maduro-llego-a-la-argentina","status":"publish","type":"post","link":"https:\/\/fmlibertadfeliciano.com.ar\/?p=2997","title":{"rendered":"Liberaron a Nahuel Gallo: el gendarme argentino detenido en Venezuela por el r\u00e9gimen de Maduro lleg\u00f3 a la Argentina"},"content":{"rendered":"<p>\u200b\u00a0<\/p>\n<p>\u200b\u00a0<\/p>\n<p>\u200b<\/p>\n<figure>\n                        <img decoding=\"async\" src=\"https:\/\/apfdigital-s3.cdn.net.ar\/s3i233\/2026\/03\/apfdigital\/images\/02\/49\/28\/2492806_76aec75aee908fbe8f844f394fb75bfaa0b8baaadb45895ea51d461f7d9670ff\/md.webp\" alt=\"\" class=\"type:primaryImage\" \/><figcaption><\/figcaption><\/figure>\n<p>\u00a0Estuvo 448 d\u00edas encarcelado por el chavismo. Fue trasladado en un avi\u00f3n privado que usa Chiqui Tapia para sus vuelos vinculados con AFA. Fue recibido por su esposa Mar\u00eda Alexandra G\u00f3mez, la ministra Alejandra Monteoliva y la senadora Patricia Bullrich.<\/p>","protected":false},"excerpt":{"rendered":"<div class=\"mh-excerpt\"><p>\u200b\u00a0 \u200b\u00a0 \u200b \u00a0Estuvo 448 d\u00edas encarcelado por el chavismo. Fue trasladado en un avi\u00f3n privado que usa Chiqui Tapia para sus vuelos vinculados con <a class=\"mh-excerpt-more\" href=\"https:\/\/fmlibertadfeliciano.com.ar\/?p=2997\" title=\"Liberaron a Nahuel Gallo: el gendarme argentino detenido en Venezuela por el r\u00e9gimen de Maduro lleg\u00f3 a la Argentina\">[&#8230;]<\/a><\/p>\n<\/div>","protected":false},"author":1,"featured_media":2998,"comment_status":"open","ping_status":"open","sticky":false,"template":"","format":"standard","meta":{"footnotes":""},"categories":[1],"tags":[],"class_list":["post-2997","post","type-post","status-publish","format-standard","has-post-thumbnail","hentry","category-sin-categoria"],"_links":{"self":[{"href":"https:\/\/fmlibertadfeliciano.com.ar\/index.php?rest_route=\/wp\/v2\/posts\/2997","targetHints":{"allow":["GET"]}}],"collection":[{"href":"https:\/\/fmlibertadfeliciano.com.ar\/index.php?rest_route=\/wp\/v2\/posts"}],"about":[{"href":"https:\/\/fmlibertadfeliciano.com.ar\/index.php?rest_route=\/wp\/v2\/types\/post"}],"author":[{"embeddable":true,"href":"https:\/\/fmlibertadfeliciano.com.ar\/index.php?rest_route=\/wp\/v2\/users\/1"}],"replies":[{"embeddable":true,"href":"https:\/\/fmlibertadfeliciano.com.ar\/index.php?rest_route=%2Fwp%2Fv2%2Fcomments&post=2997"}],"version-history":[{"count":0,"href":"https:\/\/fmlibertadfeliciano.com.ar\/index.php?rest_route=\/wp\/v2\/posts\/2997\/revisions"}],"wp:featuredmedia":[{"embeddable":true,"href":"https:\/\/fmlibertadfeliciano.com.ar\/index.php?rest_route=\/wp\/v2\/media\/2998"}],"wp:attachment":[{"href":"https:\/\/fmlibertadfeliciano.com.ar\/index.php?rest_route=%2Fwp%2Fv2%2Fmedia&parent=2997"}],"wp:term":[{"taxonomy":"category","embeddable":true,"href":"https:\/\/fmlibertadfeliciano.com.ar\/index.php?rest_route=%2Fwp%2Fv2%2Fcategories&post=2997"},{"taxonomy":"post_tag","embeddable":true,"href":"https:\/\/fmlibertadfeliciano.com.ar\/index.php?rest_route=%2Fwp%2Fv2%2Ftags&post=2997"}],"curies":[{"name":"wp","href":"https:\/\/api.w.org\/{rel}","templated":true}]}}