{"id":3002,"date":"2026-03-02T03:36:20","date_gmt":"2026-03-02T03:36:20","guid":{"rendered":"https:\/\/fmlibertadfeliciano.com.ar\/?p=3002"},"modified":"2026-03-02T03:36:20","modified_gmt":"2026-03-02T03:36:20","slug":"paritaria-clave-entre-docentes-y-gobierno-en-medio-del-paro","status":"publish","type":"post","link":"https:\/\/fmlibertadfeliciano.com.ar\/?p=3002","title":{"rendered":"Paritaria clave entre docentes y Gobierno, en medio del paro"},"content":{"rendered":"<p>\u200b\u00a0<\/p>\n<p>\u200b\u00a0<\/p>\n<p>\u200b<span class=\"cb-itemprop\"><\/span><\/p>\n<p>\u00a0<\/p>\n<p>El Gobierno se re\u00fane este lunes, a las 15, en la Secretar\u00eda de Trabajo, con los cuatro sindicatos docentes -Asociaci\u00f3n Gremial del Magisterio de Entre R\u00edos (Agmer), Asociaci\u00f3n del Magisterio de Ense\u00f1anza T\u00e9cnica (Amet), Sindicato Argentino de Docentes Particulares (Sadop) y Uni\u00f3n Docentes Argentinos (UDA)- en procura de alcanzar un acuerdo en la mesa paritaria salarial, luego del fracaso de la primera audiencia, el lunes 23 de febrero.<\/p>\n<p>El encuentro se da en el arranque del ciclo escolar 2026 en Entre R\u00edos y en medio de un paro nacional docente al que adhieren los cuatro sindicatos del sector.<\/p>\n<p>Agmer, el principal actor en la negociaci\u00f3n,\u00a0declar\u00f3\u00a0 el estado de conflicto luego de escuchar la oferta salarial del Gobierno en la mesa paritaria, que consisti\u00f3 en:<\/p>\n<ul>\n<li>Un monto fijo de $45.000 no remunerativos y no bonificables.<\/li>\n<li>Monto fijo de $25.000 con el mismo car\u00e1cter que el a\u00f1o pasado (para docentes con m\u00e1s de 10 a\u00f1os de antig\u00fcedad).<\/li>\n<li>Incremento de la Ayuda Escolar en un 50%.<\/li>\n<li>Monto fijo de $ 30.000 para jubiladas y jubilados.<\/li>\n<li>Volver a dialogar en el mes de mayo.<\/li>\n<\/ul>\n<p>En ese marco, el sindicato declar\u00f3 la situaci\u00f3n de conflicto contemplada en Ley de Paritarias Docentes.<\/p>\n<blockquote class=\"wp-embedded-content\" data-secret=\"0FTt4kUBOQ\">\n<p><a href=\"https:\/\/entreriosahora.com\/agmer-declaro-el-no-inicio-del-ciclo-en-el-marco-del-paro-nacional\/\">Agmer declar\u00f3 el no inicio del ciclo en el marco del paro nacional<\/a><\/p>\n<\/blockquote>\n<p>\u00a0<\/p>\n<p><a href=\"https:\/\/agmerparana.com.ar\/wp-content\/uploads\/2022\/05\/ley-9624-convencion-colectiva-de-trabajo-docente.pdf\"><strong>El art\u00edculo 16\u00ba de la Ley N\u00b0 9.624<\/strong>\u00a0<\/a>establece: \u201cEn el caso que se suscitare un conflicto colectivo ocasionado por cuestiones que se encuentren en debate de la Comisi\u00f3n Paritaria, antes de la iniciaci\u00f3n de medidas de acci\u00f3n directa la\/s Asociaciones Gremiales que representen la parte trabajadora deber\u00e1n comunicar la situaci\u00f3n de conflicto a la Direcci\u00f3n Provincial de Trabajo para que se convoque a una Audiencia de Conciliaci\u00f3n que se har\u00e1 dentro de los cinco (5) d\u00edas h\u00e1biles a contar desde la presentaci\u00f3n. Para el caso de no arribarse a un entendimiento en dicho t\u00e9rmino, las Asociaciones Sindicales quedar\u00e1n en libertad de ejercer los derechos que les competen. Ante el fracaso de la referida instancia conciliatoria por v\u00eda administrativa, cualquiera de las partes podr\u00e1 pedir al Juzgado de Trabajo en turno de la ciudad de Paran\u00e1 que disponga la Conciliaci\u00f3n Obligatoria, ordenando a las partes suspender las medidas que se hubieren dispuesto en relaci\u00f3n al conflicto. Para el caso que el Juez interviniente interprete que se cumplimentan los requisitos de admisibilidad del pedido acoger\u00e1 la medida peticionada por un t\u00e9rmino m\u00e1ximo de veinte (20) d\u00edas h\u00e1biles, contados a partir del d\u00eda siguiente al de la Resoluci\u00f3n, dentro del cual se realizar\u00e1n las Audiencias de Conciliaci\u00f3n que el Magistrado entienda necesarias. Vencido dicho plazo sin que se hubiere arribado a una f\u00f3rmula de conciliaci\u00f3n, autom\u00e1ticamente podr\u00e1n las partes proseguir con las medidas suspendidas por el Juzgado\u201d.<\/p>\n<p>Un dirigente docente consultado por <em><strong>Entre R\u00edos Ahora<\/strong><\/em> fue pesimista al analizar el contexto y el eventual resultado de la paritaria de este lunes. \u00abLas se\u00f1ales indican que va al fracaso la reuni\u00f3n. Salarialmente estamos peor que nunca\u00bb, evalu\u00f3.<\/p>\n<p>En realidad, luego de la mesa paritaria de este lunes se abren dos escenarios: si \u00abhay propuestas que merezca consideraci\u00f3n y an\u00e1lisis\u00bb, Agmer convocar\u00e1 a congreso para dar una respuesta al Gobierno, cont\u00f3 a <em><strong>Entre R\u00edos Ahora<\/strong><\/em> otro dirigente del sindicato consultado. \u00abPero si se repite el mismo esquema que en la primera oferta, seguramente iremos al paro\u00bb, agreg\u00f3.<\/p>\n<blockquote class=\"wp-embedded-content\" data-secret=\"KxXww9Pfuh\">\n<p><a href=\"https:\/\/entreriosahora.com\/declaraciones-juradas-docentes-prorrogan-la-vigencia\/\">Declaraciones juradas docentes: prorrogan la vigencia<\/a><\/p>\n<\/blockquote>\n<p>En el Gobierno eval\u00faan un escenario de conflicto y por eso pretenden acudir a la conciliac\u00edon judicial para frenar una eventual huelga que entorpezca el inicio del ciclo lectivo 2026.<\/p>\n<p>Ya hay un paro convocado para este lunes 2 por los cuatro sindicatos, aunque se trata de una medida de fuerza decidida a nivel nacional.<\/p>\n<p>Aunque en el caso de paros provinciales, el Consejo General de Educaci\u00f3n (CGE), a trav\u00e9s de su presidente, Carlos Cuenca, adelant\u00f3 que se descontar\u00e1 el d\u00eda no trabajado.<\/p>\n<p>Como inform\u00f3 Entre R\u00edos Ahora, el CGE\u00a0prorrog\u00f3 por un a\u00f1o, a partir del 1\u00b0 de enero \u00faltimo, la vigencia de la resoluci\u00f3n N\u00b0 2.771, emitida el 24 de septiembre de 2024 y que puso en vigencia las declaraciones juradas en el \u00e1mbito educativo, una herramienta que sirve para control de asistencia y para aplicar descuento por d\u00eda no trabajado en d\u00edas de paro gremial.<\/p>\n<blockquote class=\"wp-embedded-content\" data-secret=\"UG3lcfNyfm\">\n<p><a href=\"https:\/\/entreriosahora.com\/docentes-cuencia-confia-en-el-acuerdo-aunque-no-descarta-conciliacion-judicial\/\">Docentes: Cuenca conf\u00eda en el acuerdo, aunque no descarta conciliaci\u00f3n judicial<\/a><\/p>\n<\/blockquote>\n<p>\u00a0<\/p>\n<p>A trav\u00e9s de la resoluci\u00f3n N\u00b0 86, dictada el lunes 23 de febrero, que lleva las firmas del presidente del CGE, Carlos Cuenca, y de las vocales pol\u00edticas Elsa Chapuis y Carla Dur\u00e9, el organismo dispuso \u00abprorrogar por el t\u00e9rmino de un a\u00f1o calendario, a partir del 1\u00b0 de enero de 2026, la vigencia del relevamiento mensual de la prestaci\u00f3n de servicios docente y no docente aprobado mediante Resoluci\u00f3n CGE N\u00b0 2771\/24, en los mismos t\u00e9rminos y condiciones all\u00ed establecidos\u00bb.<\/p>\n<p>\u00a0<\/p>\n<p>De la Redacci\u00f3n de Entre R\u00edos Ahora<\/p>\n<p>\u00a0\u00a0 El Gobierno se re\u00fane este lunes, a las 15, en la Secretar\u00eda de Trabajo, con los cuatro sindicatos docentes -Asociaci\u00f3n Gremial del Magisterio de Entre R\u00edos (Agmer), Asociaci\u00f3n del Magisterio de Ense\u00f1anza T\u00e9cnica (Amet), Sindicato Argentino de Docentes Particulares (Sadop) y Uni\u00f3n Docentes Argentinos (UDA)- en procura de alcanzar un acuerdo en la mesa<\/p>","protected":false},"excerpt":{"rendered":"<div class=\"mh-excerpt\"><p>\u200b\u00a0 \u200b\u00a0 \u200b \u00a0 El Gobierno se re\u00fane este lunes, a las 15, en la Secretar\u00eda de Trabajo, con los cuatro sindicatos docentes -Asociaci\u00f3n Gremial <a class=\"mh-excerpt-more\" href=\"https:\/\/fmlibertadfeliciano.com.ar\/?p=3002\" title=\"Paritaria clave entre docentes y Gobierno, en medio del paro\">[&#8230;]<\/a><\/p>\n<\/div>","protected":false},"author":1,"featured_media":0,"comment_status":"open","ping_status":"open","sticky":false,"template":"","format":"standard","meta":{"footnotes":""},"categories":[1],"tags":[],"class_list":["post-3002","post","type-post","status-publish","format-standard","hentry","category-sin-categoria"],"_links":{"self":[{"href":"https:\/\/fmlibertadfeliciano.com.ar\/index.php?rest_route=\/wp\/v2\/posts\/3002","targetHints":{"allow":["GET"]}}],"collection":[{"href":"https:\/\/fmlibertadfeliciano.com.ar\/index.php?rest_route=\/wp\/v2\/posts"}],"about":[{"href":"https:\/\/fmlibertadfeliciano.com.ar\/index.php?rest_route=\/wp\/v2\/types\/post"}],"author":[{"embeddable":true,"href":"https:\/\/fmlibertadfeliciano.com.ar\/index.php?rest_route=\/wp\/v2\/users\/1"}],"replies":[{"embeddable":true,"href":"https:\/\/fmlibertadfeliciano.com.ar\/index.php?rest_route=%2Fwp%2Fv2%2Fcomments&post=3002"}],"version-history":[{"count":0,"href":"https:\/\/fmlibertadfeliciano.com.ar\/index.php?rest_route=\/wp\/v2\/posts\/3002\/revisions"}],"wp:attachment":[{"href":"https:\/\/fmlibertadfeliciano.com.ar\/index.php?rest_route=%2Fwp%2Fv2%2Fmedia&parent=3002"}],"wp:term":[{"taxonomy":"category","embeddable":true,"href":"https:\/\/fmlibertadfeliciano.com.ar\/index.php?rest_route=%2Fwp%2Fv2%2Fcategories&post=3002"},{"taxonomy":"post_tag","embeddable":true,"href":"https:\/\/fmlibertadfeliciano.com.ar\/index.php?rest_route=%2Fwp%2Fv2%2Ftags&post=3002"}],"curies":[{"name":"wp","href":"https:\/\/api.w.org\/{rel}","templated":true}]}}