{"id":3006,"date":"2026-03-03T13:53:49","date_gmt":"2026-03-03T13:53:49","guid":{"rendered":"https:\/\/fmlibertadfeliciano.com.ar\/?p=3006"},"modified":"2026-03-03T13:53:49","modified_gmt":"2026-03-03T13:53:49","slug":"el-municipio-atiende-las-contingencias-en-la-ciudad-por-la-lluvia-y-viento","status":"publish","type":"post","link":"https:\/\/fmlibertadfeliciano.com.ar\/?p=3006","title":{"rendered":"El Municipio atiende las contingencias en la ciudad por la lluvia y viento"},"content":{"rendered":"<p>\u200b\u00a0<\/p>\n<p>\u200b\u00a0<\/p>\n<p>\u200b<img loading=\"lazy\" decoding=\"async\" width=\"300\" height=\"200\" src=\"https:\/\/www.eldiario.com.ar\/wp-content\/uploads\/2026\/03\/cba4069e32f578fcfd9bbc08c13b1a8e-20x13.jpg\" class=\"webfeedsFeaturedVisual jl-lazyload lazyload wp-post-image\" alt=\"\" data-src=\"https:\/\/www.eldiario.com.ar\/wp-content\/uploads\/2026\/03\/cba4069e32f578fcfd9bbc08c13b1a8e-300x200.jpg\" \/><\/p>\n<figure class=\"wp-block-image size-large\"><img loading=\"lazy\" decoding=\"async\" width=\"1024\" height=\"684\" src=\"https:\/\/www.eldiario.com.ar\/wp-content\/uploads\/2026\/03\/cba4069e32f578fcfd9bbc08c13b1a8e-1024x684.jpg\" alt=\"\" class=\"wp-image-483478\" \/><\/figure>\n<h5 class=\"wp-block-heading\">Equipos municipales de Protecci\u00f3n Civil trabajan en distintos sectores para brindar asistencia a las personas afectadas por las malas condiciones clim\u00e1ticas. En la ciudad se registr\u00f3 ca\u00edda de \u00e1rboles y luminarias.<\/h5>\n<p>Desde la madrugada de este martes la ciudad de Paran\u00e1 se ve afectada por constantes lluvias que han ocasionado anegamientos en distintos sectores. Adem\u00e1s, los fuertes vientos registrados en las primeras horas generaron la ca\u00edda de \u00e1rboles.<\/p>\n<p>En ese sentido, desde el \u00e1rea de Protecci\u00f3n Civil informaron que se brinda asistencia en los barrios afectados. Se registraron la ca\u00edda de 8 \u00e1rboles de gran porte y un gran n\u00famero de ramas. La gran cantidad de agua, hasta el momento m\u00e1s de 40 mm, han erosionado el terreno en zona de Gaucho Rivero que ocasion\u00f3 la inundaci\u00f3n de viviendas lindantes.<\/p>\n<p>Desde Protecci\u00f3n Civil se reiter\u00f3 el pedido de extremar precauciones al circular, especialmente por el riesgo de aquaplaning, y se record\u00f3 que ante cualquier emergencia los vecinos pueden comunicarse al 103 (Protecci\u00f3n Civil), 147, 911 o Bomberos Voluntarios.<\/p>\n<p>\u00a0Equipos municipales de Protecci\u00f3n Civil trabajan en distintos sectores para brindar asistencia a las personas afectadas por las malas condiciones clim\u00e1ticas. En la ciudad se registr\u00f3 ca\u00edda de \u00e1rboles y luminarias. Desde la madrugada de este martes la ciudad de Paran\u00e1 se ve afectada por constantes lluvias que han ocasionado anegamientos en distintos sectores. Adem\u00e1s,<\/p>","protected":false},"excerpt":{"rendered":"<div class=\"mh-excerpt\"><p>\u200b\u00a0 \u200b\u00a0 \u200b Equipos municipales de Protecci\u00f3n Civil trabajan en distintos sectores para brindar asistencia a las personas afectadas por las malas condiciones clim\u00e1ticas. En <a class=\"mh-excerpt-more\" href=\"https:\/\/fmlibertadfeliciano.com.ar\/?p=3006\" title=\"El Municipio atiende las contingencias en la ciudad por la lluvia y viento\">[&#8230;]<\/a><\/p>\n<\/div>","protected":false},"author":1,"featured_media":3007,"comment_status":"open","ping_status":"open","sticky":false,"template":"","format":"standard","meta":{"footnotes":""},"categories":[1],"tags":[],"class_list":["post-3006","post","type-post","status-publish","format-standard","has-post-thumbnail","hentry","category-sin-categoria"],"_links":{"self":[{"href":"https:\/\/fmlibertadfeliciano.com.ar\/index.php?rest_route=\/wp\/v2\/posts\/3006","targetHints":{"allow":["GET"]}}],"collection":[{"href":"https:\/\/fmlibertadfeliciano.com.ar\/index.php?rest_route=\/wp\/v2\/posts"}],"about":[{"href":"https:\/\/fmlibertadfeliciano.com.ar\/index.php?rest_route=\/wp\/v2\/types\/post"}],"author":[{"embeddable":true,"href":"https:\/\/fmlibertadfeliciano.com.ar\/index.php?rest_route=\/wp\/v2\/users\/1"}],"replies":[{"embeddable":true,"href":"https:\/\/fmlibertadfeliciano.com.ar\/index.php?rest_route=%2Fwp%2Fv2%2Fcomments&post=3006"}],"version-history":[{"count":0,"href":"https:\/\/fmlibertadfeliciano.com.ar\/index.php?rest_route=\/wp\/v2\/posts\/3006\/revisions"}],"wp:featuredmedia":[{"embeddable":true,"href":"https:\/\/fmlibertadfeliciano.com.ar\/index.php?rest_route=\/wp\/v2\/media\/3007"}],"wp:attachment":[{"href":"https:\/\/fmlibertadfeliciano.com.ar\/index.php?rest_route=%2Fwp%2Fv2%2Fmedia&parent=3006"}],"wp:term":[{"taxonomy":"category","embeddable":true,"href":"https:\/\/fmlibertadfeliciano.com.ar\/index.php?rest_route=%2Fwp%2Fv2%2Fcategories&post=3006"},{"taxonomy":"post_tag","embeddable":true,"href":"https:\/\/fmlibertadfeliciano.com.ar\/index.php?rest_route=%2Fwp%2Fv2%2Ftags&post=3006"}],"curies":[{"name":"wp","href":"https:\/\/api.w.org\/{rel}","templated":true}]}}