{"id":3008,"date":"2026-03-03T13:47:40","date_gmt":"2026-03-03T13:47:40","guid":{"rendered":"https:\/\/fmlibertadfeliciano.com.ar\/?p=3008"},"modified":"2026-03-03T13:47:40","modified_gmt":"2026-03-03T13:47:40","slug":"alertan-que-la-desocupacion-encubierta-afecta-al-138-de-los-argentinos","status":"publish","type":"post","link":"https:\/\/fmlibertadfeliciano.com.ar\/?p=3008","title":{"rendered":"Alertan que la desocupaci\u00f3n encubierta afecta al 13,8% de los argentinos"},"content":{"rendered":"<p>\u200b\u00a0<\/p>\n<p>\u200b\u00a0<\/p>\n<p>\u200b<\/p>\n<figure>\n                        <img decoding=\"async\" src=\"https:\/\/apfdigital-s3.cdn.net.ar\/s3i233\/2024\/12\/apfdigital\/images\/01\/47\/71\/1477141_3ddb6e0a84ed7af26f95ca99b4bb2a8e6d78c256b191197a547e415aaa860e74\/md.webp\" alt=\"\" class=\"type:primaryImage\" \/><figcaption><\/figcaption><\/figure>\n<p>\u00a0Se trata de un \u00edndice de desempleo ampliado del Instituto Argentina Grande (IAG) que identifica a quienes buscan m\u00e1s trabajo, a quienes han trabajado ninguna o muy pocas horas la \u00faltima semana -son desocupados o subocupados- y a quienes trabajaron en una actividad desprotegida y de alta precariedad. Precis\u00f3 que alcanza casi el 14% de la poblaci\u00f3n econ\u00f3micamente activa. Seg\u00fan el INDEC la tasa de desocupaci\u00f3n del tercer trimestre de 2025 se ubic\u00f3 en el 6,6%.<\/p>","protected":false},"excerpt":{"rendered":"<div class=\"mh-excerpt\"><p>\u200b\u00a0 \u200b\u00a0 \u200b \u00a0Se trata de un \u00edndice de desempleo ampliado del Instituto Argentina Grande (IAG) que identifica a quienes buscan m\u00e1s trabajo, a quienes <a class=\"mh-excerpt-more\" href=\"https:\/\/fmlibertadfeliciano.com.ar\/?p=3008\" title=\"Alertan que la desocupaci\u00f3n encubierta afecta al 13,8% de los argentinos\">[&#8230;]<\/a><\/p>\n<\/div>","protected":false},"author":1,"featured_media":3009,"comment_status":"open","ping_status":"open","sticky":false,"template":"","format":"standard","meta":{"footnotes":""},"categories":[1],"tags":[],"class_list":["post-3008","post","type-post","status-publish","format-standard","has-post-thumbnail","hentry","category-sin-categoria"],"_links":{"self":[{"href":"https:\/\/fmlibertadfeliciano.com.ar\/index.php?rest_route=\/wp\/v2\/posts\/3008","targetHints":{"allow":["GET"]}}],"collection":[{"href":"https:\/\/fmlibertadfeliciano.com.ar\/index.php?rest_route=\/wp\/v2\/posts"}],"about":[{"href":"https:\/\/fmlibertadfeliciano.com.ar\/index.php?rest_route=\/wp\/v2\/types\/post"}],"author":[{"embeddable":true,"href":"https:\/\/fmlibertadfeliciano.com.ar\/index.php?rest_route=\/wp\/v2\/users\/1"}],"replies":[{"embeddable":true,"href":"https:\/\/fmlibertadfeliciano.com.ar\/index.php?rest_route=%2Fwp%2Fv2%2Fcomments&post=3008"}],"version-history":[{"count":0,"href":"https:\/\/fmlibertadfeliciano.com.ar\/index.php?rest_route=\/wp\/v2\/posts\/3008\/revisions"}],"wp:featuredmedia":[{"embeddable":true,"href":"https:\/\/fmlibertadfeliciano.com.ar\/index.php?rest_route=\/wp\/v2\/media\/3009"}],"wp:attachment":[{"href":"https:\/\/fmlibertadfeliciano.com.ar\/index.php?rest_route=%2Fwp%2Fv2%2Fmedia&parent=3008"}],"wp:term":[{"taxonomy":"category","embeddable":true,"href":"https:\/\/fmlibertadfeliciano.com.ar\/index.php?rest_route=%2Fwp%2Fv2%2Fcategories&post=3008"},{"taxonomy":"post_tag","embeddable":true,"href":"https:\/\/fmlibertadfeliciano.com.ar\/index.php?rest_route=%2Fwp%2Fv2%2Ftags&post=3008"}],"curies":[{"name":"wp","href":"https:\/\/api.w.org\/{rel}","templated":true}]}}