{"id":3010,"date":"2026-03-03T13:45:29","date_gmt":"2026-03-03T13:45:29","guid":{"rendered":"https:\/\/fmlibertadfeliciano.com.ar\/?p=3010"},"modified":"2026-03-03T13:45:29","modified_gmt":"2026-03-03T13:45:29","slug":"la-provincia-acompano-la-expo-la-ganadera-2026-en-general-ramirez","status":"publish","type":"post","link":"https:\/\/fmlibertadfeliciano.com.ar\/?p=3010","title":{"rendered":"La provincia acompa\u00f1\u00f3 la Expo La Ganadera 2026 en General Ram\u00edrez"},"content":{"rendered":"<p>\u200b\u00a0<\/p>\n<p>\u200b\u00a0<\/p>\n<p>\u200b<img loading=\"lazy\" decoding=\"async\" width=\"300\" height=\"200\" src=\"https:\/\/www.eldiario.com.ar\/wp-content\/uploads\/2026\/03\/image-5-20x13.jpeg\" class=\"webfeedsFeaturedVisual jl-lazyload lazyload wp-post-image\" alt=\"\" data-src=\"https:\/\/www.eldiario.com.ar\/wp-content\/uploads\/2026\/03\/image-5-300x200.jpeg\" \/><\/p>\n<hr class=\"wp-block-separator has-alpha-channel-opacity\" \/>\n<p>El Gobierno de Entre R\u00edos, a trav\u00e9s de la Secretar\u00eda de Agricultura, Ganader\u00eda y Pesca, acompa\u00f1\u00f3 la Expo La Ganadera 2026, realizada en el establecimiento El Pilar, en General Ram\u00edrez. La jornada convoc\u00f3 a productores, t\u00e9cnicos y referentes del \u00e1mbito agropecuario, con propuestas orientadas a la innovaci\u00f3n, la eficiencia y el fortalecimiento del sector.<\/p>\n<figure class=\"wp-block-image size-large\"><img loading=\"lazy\" decoding=\"async\" width=\"1024\" height=\"683\" src=\"https:\/\/www.eldiario.com.ar\/wp-content\/uploads\/2026\/03\/image-5-1024x683.jpeg\" alt=\"\" class=\"wp-image-483475\" \/><\/figure>\n<p><a href=\"https:\/\/web.whatsapp.com\/send?text=La%20provincia%20acompa%C3%B1%C3%B3%20la%20Expo%20La%20Ganadera%202026%20en%20General%20Ram%C3%ADrez%20%20-%20https%3A%2F%2Fportal.entrerios.gov.ar%2Fnoticias%2F49497\" target=\"_blank\" rel=\"noreferrer noopener\"><\/a><a href=\"https:\/\/twitter.com\/intent\/tweet?text=La%20provincia%20acompa%C3%B1%C3%B3%20la%20Expo%20La%20Ganadera%202026%20en%20General%20Ram%C3%ADrez&amp;url=https%3A%2F%2Fportal.entrerios.gov.ar%2Fnoticias%2F49497\" target=\"_blank\" rel=\"noreferrer noopener\"><\/a><a href=\"https:\/\/www.facebook.com\/sharer\/sharer.php?u=https:\/\/portal.entrerios.gov.ar\/noticias\/49497\" target=\"_blank\" rel=\"noreferrer noopener\"><\/a><\/p>\n<p>En representaci\u00f3n de la Secretar\u00eda particip\u00f3 la Directora de Agricultura, Carina Gallegos, quien destac\u00f3 la importancia de estos espacios de encuentro para promover el intercambio de conocimientos y el trabajo articulado entre el sector p\u00fablico y privado. \u201cAcompa\u00f1ar este tipo de iniciativas nos permite interactuar directamente con los productores, conocer sus demandas y seguir impulsando pol\u00edticas que fortalezcan el desarrollo agropecuario entrerriano\u201d, se\u00f1al\u00f3.<\/p>\n<p>La exposici\u00f3n incluy\u00f3 muestras din\u00e1micas a campo, recorridas por materiales sembrados, presentaci\u00f3n de maquinaria e implementos agr\u00edcolas, y un sector ganadero con demostraciones de animales en engorde, uso de drones para manejo de hacienda y producci\u00f3n de forraje hidrop\u00f3nico.<\/p>\n<p>En el marco del programa se desarrollaron diversas charlas t\u00e9cnicas, entre ellas \u201cDiagn\u00f3stico de suelos de Entre R\u00edos: el rol de las rotaciones de cultivos\u201d, a cargo de Jorge Gvozdenovich y Leonardo Novelli; \u201cRecr\u00eda bovina: clave para agregar valor y mejorar resultados\u201d, disertada por Alejandro Lis; y \u201cCaravana electr\u00f3nica: de la obligaci\u00f3n a la oportunidad\u201d, presentada por Juan Ghirardi. Las actividades culminaron con un cierre musical a cargo del Gustavo Reynoso Tr\u00edo.<\/p>\n<p>Durante la jornada, el presidente de la Cooperativa La Ganadera General Ram\u00edrez Ltda., Fabi\u00e1n Leichner, y el gerente general, Fabricio Orsich, invitaron a las autoridades presentes a recorrer el predio y visitar los distintos stands y espacios demostrativos, generando instancias de di\u00e1logo directo con productores y expositores.<\/p>\n<p>En ese intercambio, la ingeniera Gallegos, junto al presidente de Coninagro, Lucas Magnano; y el representante de la Asociaci\u00f3n de Cooperativas Argentinas (ACA) en Coninagro, Diego Brauer, coincidieron en resaltar el valor del cooperativismo y la articulaci\u00f3n entre instituciones para seguir fortaleciendo el desarrollo del sector agropecuario.<\/p>\n<p>\u00a0El Gobierno de Entre R\u00edos, a trav\u00e9s de la Secretar\u00eda de Agricultura, Ganader\u00eda y Pesca, acompa\u00f1\u00f3 la Expo La Ganadera 2026, realizada en el establecimiento El Pilar, en General Ram\u00edrez. La jornada convoc\u00f3 a productores, t\u00e9cnicos y referentes del \u00e1mbito agropecuario, con propuestas orientadas a la innovaci\u00f3n, la eficiencia y el fortalecimiento del sector. En<\/p>","protected":false},"excerpt":{"rendered":"<div class=\"mh-excerpt\"><p>\u200b\u00a0 \u200b\u00a0 \u200b El Gobierno de Entre R\u00edos, a trav\u00e9s de la Secretar\u00eda de Agricultura, Ganader\u00eda y Pesca, acompa\u00f1\u00f3 la Expo La Ganadera 2026, realizada <a class=\"mh-excerpt-more\" href=\"https:\/\/fmlibertadfeliciano.com.ar\/?p=3010\" title=\"La provincia acompa\u00f1\u00f3 la Expo La Ganadera 2026 en General Ram\u00edrez\">[&#8230;]<\/a><\/p>\n<\/div>","protected":false},"author":1,"featured_media":3011,"comment_status":"open","ping_status":"open","sticky":false,"template":"","format":"standard","meta":{"footnotes":""},"categories":[1],"tags":[],"class_list":["post-3010","post","type-post","status-publish","format-standard","has-post-thumbnail","hentry","category-sin-categoria"],"_links":{"self":[{"href":"https:\/\/fmlibertadfeliciano.com.ar\/index.php?rest_route=\/wp\/v2\/posts\/3010","targetHints":{"allow":["GET"]}}],"collection":[{"href":"https:\/\/fmlibertadfeliciano.com.ar\/index.php?rest_route=\/wp\/v2\/posts"}],"about":[{"href":"https:\/\/fmlibertadfeliciano.com.ar\/index.php?rest_route=\/wp\/v2\/types\/post"}],"author":[{"embeddable":true,"href":"https:\/\/fmlibertadfeliciano.com.ar\/index.php?rest_route=\/wp\/v2\/users\/1"}],"replies":[{"embeddable":true,"href":"https:\/\/fmlibertadfeliciano.com.ar\/index.php?rest_route=%2Fwp%2Fv2%2Fcomments&post=3010"}],"version-history":[{"count":0,"href":"https:\/\/fmlibertadfeliciano.com.ar\/index.php?rest_route=\/wp\/v2\/posts\/3010\/revisions"}],"wp:featuredmedia":[{"embeddable":true,"href":"https:\/\/fmlibertadfeliciano.com.ar\/index.php?rest_route=\/wp\/v2\/media\/3011"}],"wp:attachment":[{"href":"https:\/\/fmlibertadfeliciano.com.ar\/index.php?rest_route=%2Fwp%2Fv2%2Fmedia&parent=3010"}],"wp:term":[{"taxonomy":"category","embeddable":true,"href":"https:\/\/fmlibertadfeliciano.com.ar\/index.php?rest_route=%2Fwp%2Fv2%2Fcategories&post=3010"},{"taxonomy":"post_tag","embeddable":true,"href":"https:\/\/fmlibertadfeliciano.com.ar\/index.php?rest_route=%2Fwp%2Fv2%2Ftags&post=3010"}],"curies":[{"name":"wp","href":"https:\/\/api.w.org\/{rel}","templated":true}]}}