{"id":3012,"date":"2026-03-03T13:44:19","date_gmt":"2026-03-03T13:44:19","guid":{"rendered":"https:\/\/fmlibertadfeliciano.com.ar\/?p=3012"},"modified":"2026-03-03T13:44:19","modified_gmt":"2026-03-03T13:44:19","slug":"el-gobierno-hizo-una-nueva-oferta-salarial-mejorada-a-los-gremios-docentes","status":"publish","type":"post","link":"https:\/\/fmlibertadfeliciano.com.ar\/?p=3012","title":{"rendered":"El gobierno hizo una nueva oferta salarial mejorada a los gremios docentes"},"content":{"rendered":"<p>\u200b\u00a0<\/p>\n<p>\u200b\u00a0<\/p>\n<p>\u200b<img loading=\"lazy\" decoding=\"async\" width=\"300\" height=\"200\" src=\"https:\/\/www.eldiario.com.ar\/wp-content\/uploads\/2026\/03\/image-4-20x13.jpeg\" class=\"webfeedsFeaturedVisual jl-lazyload lazyload wp-post-image\" alt=\"\" data-src=\"https:\/\/www.eldiario.com.ar\/wp-content\/uploads\/2026\/03\/image-4-300x200.jpeg\" \/><\/p>\n<hr class=\"wp-block-separator has-alpha-channel-opacity\" \/>\n<hr class=\"wp-block-separator has-alpha-channel-opacity\" \/>\n<p>El Gobierno de Entre R\u00edos, a trav\u00e9s de la Secretar\u00eda de Trabajo y Seguridad Social, convoc\u00f3 a los representantes del sector a una audiencia, donde se dej\u00f3 formalizada una nueva oferta, la cual estaba compuesta por varios puntos de mejora.<\/p>\n<figure class=\"wp-block-image size-large\"><img loading=\"lazy\" decoding=\"async\" width=\"1024\" height=\"683\" src=\"https:\/\/www.eldiario.com.ar\/wp-content\/uploads\/2026\/03\/image-4-1024x683.jpeg\" alt=\"\" class=\"wp-image-483472\" \/><\/figure>\n<p><a href=\"https:\/\/web.whatsapp.com\/send?text=El%20gobierno%20hizo%20una%20nueva%20oferta%20salarial%20mejorada%20a%20los%20gremios%20docentes%20%20-%20https%3A%2F%2Fportal.entrerios.gov.ar%2Fnoticias%2F49489\" target=\"_blank\" rel=\"noreferrer noopener\"><\/a><a href=\"https:\/\/twitter.com\/intent\/tweet?text=El%20gobierno%20hizo%20una%20nueva%20oferta%20salarial%20mejorada%20a%20los%20gremios%20docentes&amp;url=https%3A%2F%2Fportal.entrerios.gov.ar%2Fnoticias%2F49489\" target=\"_blank\" rel=\"noreferrer noopener\"><\/a><a href=\"https:\/\/www.facebook.com\/sharer\/sharer.php?u=https:\/\/portal.entrerios.gov.ar\/noticias\/49489\" target=\"_blank\" rel=\"noreferrer noopener\"><\/a><\/p>\n<p>Durante la reuni\u00f3n, las autoridades gubernamentales presentaron una nueva propuesta, que busca ofrecer soluciones a corto y mediano plazo.<\/p>\n<p>Se propuso un incremento del 50 por ciento en la ayuda escolar, como as\u00ed tambi\u00e9n un ciento por ciento de aumento en el boleto docente para los trabajadores de la educaci\u00f3n de las cinco ciudades donde se presta este servicio. Tambi\u00e9n se ofreci\u00f3 una suma no remunerativa de 25.000 pesos y de 30.000 pesos para el sector pasivo.<\/p>\n<p>Por otro lado, se plante\u00f3 un incremento en el Fondo Provincial de Incentivo Docente (Fopid) y en la Conectividad, con un tope de 60.000 pesos. Con estas medidas, se garantiza que un docente reci\u00e9n iniciado no perciba menos de 750.000 pesos mensuales.<\/p>\n<p>El Gobierno ofreci\u00f3 que, en un plazo no mayor a 90 d\u00edas, se convoque a una instancia donde se pudiera acordar una suma remunerativa que est\u00e9 directamente vinculada al incremento de los recursos provinciales disponibles en ese momento, lo que permitir\u00e1 que los docentes se beneficien con un aumento proporcional al crecimiento econ\u00f3mico de la provincia.<\/p>\n<p>Tambi\u00e9n se dej\u00f3 plasmada, como oferta, establecer como prioridad del sector docente el acceso a cr\u00e9ditos hipotecarios a trav\u00e9s del Instituto Aut\u00e1rquico de Planeamiento y Vivienda (IAPV) para la adquisici\u00f3n de su primera vivienda, reconociendo la necesidad de mejorar las condiciones de vida de los trabajadores de la educaci\u00f3n.<\/p>\n<p>Del encuentro participaron los gremios docentes de las asociaciones Gremial del Magisterio de Entre R\u00edos (Agmer) y del Magisterio de Ense\u00f1anza T\u00e9cnica (AMET), a la Uni\u00f3n Docentes Argentinos (UDA) y al Sindicato Argentino de Docentes Particulares (Sadop). Por parte del Gobierno provincial, estuvieron el presidente del Consejo General de Educaci\u00f3n (CGE), Carlos Cuenca, la vocal Carla Dur\u00e9, y otros integrantes paritarios.<\/p>\n<p>\u00a0El Gobierno de Entre R\u00edos, a trav\u00e9s de la Secretar\u00eda de Trabajo y Seguridad Social, convoc\u00f3 a los representantes del sector a una audiencia, donde se dej\u00f3 formalizada una nueva oferta, la cual estaba compuesta por varios puntos de mejora. Durante la reuni\u00f3n, las autoridades gubernamentales presentaron una nueva propuesta, que busca ofrecer soluciones a<\/p>","protected":false},"excerpt":{"rendered":"<div class=\"mh-excerpt\"><p>\u200b\u00a0 \u200b\u00a0 \u200b El Gobierno de Entre R\u00edos, a trav\u00e9s de la Secretar\u00eda de Trabajo y Seguridad Social, convoc\u00f3 a los representantes del sector a <a class=\"mh-excerpt-more\" href=\"https:\/\/fmlibertadfeliciano.com.ar\/?p=3012\" title=\"El gobierno hizo una nueva oferta salarial mejorada a los gremios docentes\">[&#8230;]<\/a><\/p>\n<\/div>","protected":false},"author":1,"featured_media":3013,"comment_status":"open","ping_status":"open","sticky":false,"template":"","format":"standard","meta":{"footnotes":""},"categories":[1],"tags":[],"class_list":["post-3012","post","type-post","status-publish","format-standard","has-post-thumbnail","hentry","category-sin-categoria"],"_links":{"self":[{"href":"https:\/\/fmlibertadfeliciano.com.ar\/index.php?rest_route=\/wp\/v2\/posts\/3012","targetHints":{"allow":["GET"]}}],"collection":[{"href":"https:\/\/fmlibertadfeliciano.com.ar\/index.php?rest_route=\/wp\/v2\/posts"}],"about":[{"href":"https:\/\/fmlibertadfeliciano.com.ar\/index.php?rest_route=\/wp\/v2\/types\/post"}],"author":[{"embeddable":true,"href":"https:\/\/fmlibertadfeliciano.com.ar\/index.php?rest_route=\/wp\/v2\/users\/1"}],"replies":[{"embeddable":true,"href":"https:\/\/fmlibertadfeliciano.com.ar\/index.php?rest_route=%2Fwp%2Fv2%2Fcomments&post=3012"}],"version-history":[{"count":0,"href":"https:\/\/fmlibertadfeliciano.com.ar\/index.php?rest_route=\/wp\/v2\/posts\/3012\/revisions"}],"wp:featuredmedia":[{"embeddable":true,"href":"https:\/\/fmlibertadfeliciano.com.ar\/index.php?rest_route=\/wp\/v2\/media\/3013"}],"wp:attachment":[{"href":"https:\/\/fmlibertadfeliciano.com.ar\/index.php?rest_route=%2Fwp%2Fv2%2Fmedia&parent=3012"}],"wp:term":[{"taxonomy":"category","embeddable":true,"href":"https:\/\/fmlibertadfeliciano.com.ar\/index.php?rest_route=%2Fwp%2Fv2%2Fcategories&post=3012"},{"taxonomy":"post_tag","embeddable":true,"href":"https:\/\/fmlibertadfeliciano.com.ar\/index.php?rest_route=%2Fwp%2Fv2%2Ftags&post=3012"}],"curies":[{"name":"wp","href":"https:\/\/api.w.org\/{rel}","templated":true}]}}