{"id":3014,"date":"2026-03-04T13:46:41","date_gmt":"2026-03-04T13:46:41","guid":{"rendered":"https:\/\/fmlibertadfeliciano.com.ar\/?p=3014"},"modified":"2026-03-04T13:46:41","modified_gmt":"2026-03-04T13:46:41","slug":"renuncio-cuneo-libarona-y-milei-designo-a-juan-bautista-mahiques-como-nuevo-ministro-de-justicia","status":"publish","type":"post","link":"https:\/\/fmlibertadfeliciano.com.ar\/?p=3014","title":{"rendered":"Renunci\u00f3 C\u00faneo Libarona y Milei design\u00f3 a Juan Bautista Mahiques como nuevo ministro de Justicia"},"content":{"rendered":"<p>\u200b\u00a0<\/p>\n<p>\u200b\u00a0<\/p>\n<p>\u200b<\/p>\n<figure>\n                        <img decoding=\"async\" src=\"https:\/\/apfdigital-s3.cdn.net.ar\/s3i233\/2026\/03\/apfdigital\/images\/02\/49\/60\/2496007_ddbedd28666d8c591f3789203fe45e57c0d62937c263d3328ed87a52bd3c84a6\/md.webp\" alt=\"Juan Bautista Mahiques\" class=\"type:primaryImage\" \/><figcaption>Juan Bautista Mahiques<\/figcaption><\/figure>\n<p>\u00a0El Presidente acept\u00f3 la salida del funcionario y oficializ\u00f3 a su sucesor al frente de una cartera clave. El cambio se concret\u00f3 antes del viaje del mandatario a Estados Unidos.<\/p>","protected":false},"excerpt":{"rendered":"<div class=\"mh-excerpt\"><p>\u200b\u00a0 \u200b\u00a0 \u200b Juan Bautista Mahiques \u00a0El Presidente acept\u00f3 la salida del funcionario y oficializ\u00f3 a su sucesor al frente de una cartera clave. El <a class=\"mh-excerpt-more\" href=\"https:\/\/fmlibertadfeliciano.com.ar\/?p=3014\" title=\"Renunci\u00f3 C\u00faneo Libarona y Milei design\u00f3 a Juan Bautista Mahiques como nuevo ministro de Justicia\">[&#8230;]<\/a><\/p>\n<\/div>","protected":false},"author":1,"featured_media":3015,"comment_status":"open","ping_status":"open","sticky":false,"template":"","format":"standard","meta":{"footnotes":""},"categories":[1],"tags":[],"class_list":["post-3014","post","type-post","status-publish","format-standard","has-post-thumbnail","hentry","category-sin-categoria"],"_links":{"self":[{"href":"https:\/\/fmlibertadfeliciano.com.ar\/index.php?rest_route=\/wp\/v2\/posts\/3014","targetHints":{"allow":["GET"]}}],"collection":[{"href":"https:\/\/fmlibertadfeliciano.com.ar\/index.php?rest_route=\/wp\/v2\/posts"}],"about":[{"href":"https:\/\/fmlibertadfeliciano.com.ar\/index.php?rest_route=\/wp\/v2\/types\/post"}],"author":[{"embeddable":true,"href":"https:\/\/fmlibertadfeliciano.com.ar\/index.php?rest_route=\/wp\/v2\/users\/1"}],"replies":[{"embeddable":true,"href":"https:\/\/fmlibertadfeliciano.com.ar\/index.php?rest_route=%2Fwp%2Fv2%2Fcomments&post=3014"}],"version-history":[{"count":0,"href":"https:\/\/fmlibertadfeliciano.com.ar\/index.php?rest_route=\/wp\/v2\/posts\/3014\/revisions"}],"wp:featuredmedia":[{"embeddable":true,"href":"https:\/\/fmlibertadfeliciano.com.ar\/index.php?rest_route=\/wp\/v2\/media\/3015"}],"wp:attachment":[{"href":"https:\/\/fmlibertadfeliciano.com.ar\/index.php?rest_route=%2Fwp%2Fv2%2Fmedia&parent=3014"}],"wp:term":[{"taxonomy":"category","embeddable":true,"href":"https:\/\/fmlibertadfeliciano.com.ar\/index.php?rest_route=%2Fwp%2Fv2%2Fcategories&post=3014"},{"taxonomy":"post_tag","embeddable":true,"href":"https:\/\/fmlibertadfeliciano.com.ar\/index.php?rest_route=%2Fwp%2Fv2%2Ftags&post=3014"}],"curies":[{"name":"wp","href":"https:\/\/api.w.org\/{rel}","templated":true}]}}