{"id":3018,"date":"2026-03-04T12:40:10","date_gmt":"2026-03-04T12:40:10","guid":{"rendered":"https:\/\/fmlibertadfeliciano.com.ar\/?p=3018"},"modified":"2026-03-04T12:40:10","modified_gmt":"2026-03-04T12:40:10","slug":"apertura-de-sesiones-ordinarias-2026-balance-de-gestion-y-prioridades-para-san-jose","status":"publish","type":"post","link":"https:\/\/fmlibertadfeliciano.com.ar\/?p=3018","title":{"rendered":"Apertura de Sesiones Ordinarias 2026: balance de gesti\u00f3n y prioridades para San Jos\u00e9"},"content":{"rendered":"<p>\u200b\u00a0<\/p>\n<p>\u200b\u00a0<\/p>\n<p>\u200b<\/p>\n<p>El intendente de San Jos\u00e9, <strong>Gustavo Bastian<\/strong>, dej\u00f3 formalmente inaugurado el <strong>per\u00edodo de Sesiones Ordinarias 2026 del Honorable Concejo Deliberante<\/strong>, con un mensaje que combin\u00f3 <strong>balance de gesti\u00f3n<\/strong> y definici\u00f3n de <strong>prioridades para el a\u00f1o en curso<\/strong>.<\/p>\n<p>En su discurso, Bastian subray\u00f3 el rol del municipio como <strong>Estado local activo y presente<\/strong>, destacando las pol\u00edticas sociales que garantizan <strong>salud, asistencia alimentaria y acompa\u00f1amiento comunitario<\/strong>. Se remarc\u00f3 la inversi\u00f3n con recursos propios para medicamentos, traslados, atenci\u00f3n profesional y dispositivos de cuidado destinados a <strong>ni\u00f1os, adolescentes, mujeres v\u00edctimas de violencia, personas con discapacidad y adultos mayores<\/strong>.<\/p>\n<figure class=\"wp-block-image size-large\"><img decoding=\"async\" loading=\"lazy\" width=\"1024\" height=\"682\" src=\"https:\/\/www.entrerrianodigital.com\/wp-content\/uploads\/2026\/03\/intendentesanjose-1024x682.jpg\" alt=\"\" class=\"wp-image-15824\" \/><\/figure>\n<p>En materia de <strong>salud<\/strong>, se anunci\u00f3 la proyecci\u00f3n de un <strong>nuevo Centro de Salud<\/strong>, junto con el fortalecimiento de la atenci\u00f3n primaria, la inversi\u00f3n en insumos y recursos humanos, y el abordaje integral de la <strong>salud mental<\/strong> mediante programas de prevenci\u00f3n y campa\u00f1as de concientizaci\u00f3n. El intendente se refiri\u00f3 de manera sensible a la problem\u00e1tica del suicidio, reafirmando el compromiso de abordarla de forma <strong>colectiva y sin silencios<\/strong>.<\/p>\n<div class=\"entre-grupo-slider-rotativo-entre-noticias-pc\">\n<div class=\"ed-banner\"><a href=\"http:\/\/www.parana.gob.ar\/\" aria-label=\"07- 728 x 90 Febrero Calle a calle 2026\"><img decoding=\"async\" loading=\"lazy\" src=\"https:\/\/www.entrerrianodigital.com\/wp-content\/uploads\/2024\/11\/07-728-x-90-Febrero-Calle-a-calle-2026.jpg\" alt=\"\" width=\"728\" height=\"90\" \/><\/a><\/div>\n<\/div>\n<p>La <strong>educaci\u00f3n<\/strong> ocup\u00f3 un lugar central, con inversiones en infraestructura escolar, conectividad gratuita para todas las escuelas, fortalecimiento de la <strong>Escuela Municipal de Artes y Oficios<\/strong>, y articulaci\u00f3n con universidades para ampliar oportunidades educativas.<\/p>\n<p>En cuanto a <strong>trabajo y producci\u00f3n<\/strong>, se destac\u00f3 el acompa\u00f1amiento a emprendedores, la capacitaci\u00f3n en oficios estrat\u00e9gicos y la promoci\u00f3n de la <strong>soberan\u00eda alimentaria<\/strong> mediante huertas comunitarias y ferias. El <strong>turismo<\/strong> fue se\u00f1alado como motor econ\u00f3mico, con una temporada s\u00f3lida, inversiones en infraestructura y eventos de gran convocatoria.<\/p>\n<p>La <strong>obra p\u00fablica<\/strong> fue presentada como herramienta de inclusi\u00f3n y mejora de la calidad de vida, con avances en pavimentaci\u00f3n urbana, cordones cuneta, modernizaci\u00f3n de plazas, recambio de luminarias LED y mejoras en el Polideportivo y el Recreo Municipal. Tambi\u00e9n se resalt\u00f3 la infraestructura deportiva barrial y las inversiones en el sistema de agua potable.<\/p>\n<p>Finalmente, Bastian convoc\u00f3 a la <strong>participaci\u00f3n y compromiso colectivo<\/strong>, reafirmando que la <strong>planificaci\u00f3n, el di\u00e1logo y la pol\u00edtica<\/strong> son herramientas indispensables para construir una ciudad <strong>solidaria, ordenada y con proyecci\u00f3n de futuro<\/strong>.<\/p>\n<figure class=\"wp-block-gallery has-nested-images columns-default is-cropped wp-block-gallery-2 is-layout-flex wp-block-gallery-is-layout-flex\">\n<figure class=\"wp-block-image size-large\"><img decoding=\"async\" loading=\"lazy\" width=\"1024\" height=\"682\" data-id=\"15826\" src=\"https:\/\/www.entrerrianodigital.com\/wp-content\/uploads\/2026\/03\/sanjosehonorableconsejodeliberante-1024x682.jpg\" alt=\"\" class=\"wp-image-15826\" \/><\/figure>\n<figure class=\"wp-block-image size-large\"><img decoding=\"async\" loading=\"lazy\" width=\"1024\" height=\"768\" data-id=\"15827\" src=\"https:\/\/www.entrerrianodigital.com\/wp-content\/uploads\/2026\/03\/sanjosesesiones2026-1024x768.jpg\" alt=\"\" class=\"wp-image-15827\" \/><\/figure>\n<\/figure>\n<p>La entrada <a href=\"https:\/\/www.entrerrianodigital.com\/apertura-de-sesiones-ordinarias-2026-balance-de-gestion-y-prioridades-para-san-jose\/\">Apertura de Sesiones Ordinarias 2026: balance de gesti\u00f3n y prioridades para San Jos\u00e9<\/a> se public\u00f3 primero en <a href=\"https:\/\/www.entrerrianodigital.com\/\">Entrerriano Digital<\/a>.<\/p>\n<p>\u00a0El intendente present\u00f3 un informe integral con eje en pol\u00edticas sociales, salud, educaci\u00f3n, producci\u00f3n y obra p\u00fablica.<br \/>\nLa entrada Apertura de Sesiones Ordinarias 2026: balance de gesti\u00f3n y prioridades para San Jos\u00e9 se public\u00f3 primero en Entrerriano Digital.<\/p>","protected":false},"excerpt":{"rendered":"<div class=\"mh-excerpt\"><p>\u200b\u00a0 \u200b\u00a0 \u200b El intendente de San Jos\u00e9, Gustavo Bastian, dej\u00f3 formalmente inaugurado el per\u00edodo de Sesiones Ordinarias 2026 del Honorable Concejo Deliberante, con un <a class=\"mh-excerpt-more\" href=\"https:\/\/fmlibertadfeliciano.com.ar\/?p=3018\" title=\"Apertura de Sesiones Ordinarias 2026: balance de gesti\u00f3n y prioridades para San Jos\u00e9\">[&#8230;]<\/a><\/p>\n<\/div>","protected":false},"author":1,"featured_media":3019,"comment_status":"open","ping_status":"open","sticky":false,"template":"","format":"standard","meta":{"footnotes":""},"categories":[1],"tags":[],"class_list":["post-3018","post","type-post","status-publish","format-standard","has-post-thumbnail","hentry","category-sin-categoria"],"_links":{"self":[{"href":"https:\/\/fmlibertadfeliciano.com.ar\/index.php?rest_route=\/wp\/v2\/posts\/3018","targetHints":{"allow":["GET"]}}],"collection":[{"href":"https:\/\/fmlibertadfeliciano.com.ar\/index.php?rest_route=\/wp\/v2\/posts"}],"about":[{"href":"https:\/\/fmlibertadfeliciano.com.ar\/index.php?rest_route=\/wp\/v2\/types\/post"}],"author":[{"embeddable":true,"href":"https:\/\/fmlibertadfeliciano.com.ar\/index.php?rest_route=\/wp\/v2\/users\/1"}],"replies":[{"embeddable":true,"href":"https:\/\/fmlibertadfeliciano.com.ar\/index.php?rest_route=%2Fwp%2Fv2%2Fcomments&post=3018"}],"version-history":[{"count":0,"href":"https:\/\/fmlibertadfeliciano.com.ar\/index.php?rest_route=\/wp\/v2\/posts\/3018\/revisions"}],"wp:featuredmedia":[{"embeddable":true,"href":"https:\/\/fmlibertadfeliciano.com.ar\/index.php?rest_route=\/wp\/v2\/media\/3019"}],"wp:attachment":[{"href":"https:\/\/fmlibertadfeliciano.com.ar\/index.php?rest_route=%2Fwp%2Fv2%2Fmedia&parent=3018"}],"wp:term":[{"taxonomy":"category","embeddable":true,"href":"https:\/\/fmlibertadfeliciano.com.ar\/index.php?rest_route=%2Fwp%2Fv2%2Fcategories&post=3018"},{"taxonomy":"post_tag","embeddable":true,"href":"https:\/\/fmlibertadfeliciano.com.ar\/index.php?rest_route=%2Fwp%2Fv2%2Ftags&post=3018"}],"curies":[{"name":"wp","href":"https:\/\/api.w.org\/{rel}","templated":true}]}}