{"id":3020,"date":"2026-03-04T09:55:37","date_gmt":"2026-03-04T09:55:37","guid":{"rendered":"https:\/\/fmlibertadfeliciano.com.ar\/?p=3020"},"modified":"2026-03-04T09:55:37","modified_gmt":"2026-03-04T09:55:37","slug":"que-falta-para-promulgarlas-y-cuando-podrian-regir-la-reforma-laboral-y-el-regimen-penal-juvenil","status":"publish","type":"post","link":"https:\/\/fmlibertadfeliciano.com.ar\/?p=3020","title":{"rendered":"Qu\u00e9 falta para promulgarlas y cu\u00e1ndo podr\u00edan regir la reforma laboral y el r\u00e9gimen penal juvenil"},"content":{"rendered":"<p>\u200b\u00a0<\/p>\n<p>\u200b\u00a0<\/p>\n<p>\u200b<\/p>\n<figure>\n                        <img decoding=\"async\" src=\"https:\/\/apfdigital-s3.cdn.net.ar\/s3i233\/2026\/02\/apfdigital\/images\/02\/48\/67\/2486758_835d23d9f73a8643840f3c7fc5eaa51dd58046673cab7fe068e4a84318bca447\/md.webp\" alt=\"\" class=\"type:primaryImage\" \/><figcaption><\/figcaption><\/figure>\n<p>\u00a0Las autoridades nacionales est\u00e1n trabajando en los detalles finales de la reforma laboral y el nuevo r\u00e9gimen penal juvenil. Algunas medidas entrar\u00e1n a regir inmediatamente, mientras que otras se demorar\u00e1n unos meses.<\/p>","protected":false},"excerpt":{"rendered":"<div class=\"mh-excerpt\"><p>\u200b\u00a0 \u200b\u00a0 \u200b \u00a0Las autoridades nacionales est\u00e1n trabajando en los detalles finales de la reforma laboral y el nuevo r\u00e9gimen penal juvenil. Algunas medidas entrar\u00e1n <a class=\"mh-excerpt-more\" href=\"https:\/\/fmlibertadfeliciano.com.ar\/?p=3020\" title=\"Qu\u00e9 falta para promulgarlas y cu\u00e1ndo podr\u00edan regir la reforma laboral y el r\u00e9gimen penal juvenil\">[&#8230;]<\/a><\/p>\n<\/div>","protected":false},"author":1,"featured_media":3021,"comment_status":"open","ping_status":"open","sticky":false,"template":"","format":"standard","meta":{"footnotes":""},"categories":[1],"tags":[],"class_list":["post-3020","post","type-post","status-publish","format-standard","has-post-thumbnail","hentry","category-sin-categoria"],"_links":{"self":[{"href":"https:\/\/fmlibertadfeliciano.com.ar\/index.php?rest_route=\/wp\/v2\/posts\/3020","targetHints":{"allow":["GET"]}}],"collection":[{"href":"https:\/\/fmlibertadfeliciano.com.ar\/index.php?rest_route=\/wp\/v2\/posts"}],"about":[{"href":"https:\/\/fmlibertadfeliciano.com.ar\/index.php?rest_route=\/wp\/v2\/types\/post"}],"author":[{"embeddable":true,"href":"https:\/\/fmlibertadfeliciano.com.ar\/index.php?rest_route=\/wp\/v2\/users\/1"}],"replies":[{"embeddable":true,"href":"https:\/\/fmlibertadfeliciano.com.ar\/index.php?rest_route=%2Fwp%2Fv2%2Fcomments&post=3020"}],"version-history":[{"count":0,"href":"https:\/\/fmlibertadfeliciano.com.ar\/index.php?rest_route=\/wp\/v2\/posts\/3020\/revisions"}],"wp:featuredmedia":[{"embeddable":true,"href":"https:\/\/fmlibertadfeliciano.com.ar\/index.php?rest_route=\/wp\/v2\/media\/3021"}],"wp:attachment":[{"href":"https:\/\/fmlibertadfeliciano.com.ar\/index.php?rest_route=%2Fwp%2Fv2%2Fmedia&parent=3020"}],"wp:term":[{"taxonomy":"category","embeddable":true,"href":"https:\/\/fmlibertadfeliciano.com.ar\/index.php?rest_route=%2Fwp%2Fv2%2Fcategories&post=3020"},{"taxonomy":"post_tag","embeddable":true,"href":"https:\/\/fmlibertadfeliciano.com.ar\/index.php?rest_route=%2Fwp%2Fv2%2Ftags&post=3020"}],"curies":[{"name":"wp","href":"https:\/\/api.w.org\/{rel}","templated":true}]}}