{"id":3022,"date":"2026-03-04T02:53:58","date_gmt":"2026-03-04T02:53:58","guid":{"rendered":"https:\/\/fmlibertadfeliciano.com.ar\/?p=3022"},"modified":"2026-03-04T02:53:58","modified_gmt":"2026-03-04T02:53:58","slug":"la-digitalizacion-en-uader-con-reconocimeinto-nacional","status":"publish","type":"post","link":"https:\/\/fmlibertadfeliciano.com.ar\/?p=3022","title":{"rendered":"La digitalizaci\u00f3n en Uader, con reconocimeinto nacional"},"content":{"rendered":"<p>\u200b\u00a0<\/p>\n<p>\u200b\u00a0<\/p>\n<p>\u200b<span class=\"cb-itemprop\"><\/span><\/p>\n<p>\u00a0<\/p>\n<p>\u00a0<\/p>\n<p>\u00a0<\/p>\n<p>La coordinaci\u00f3n del sistema de digitalizaci\u00f3n acad\u00e9mica SIU-Guaran\u00ed puso de relieve, en su portal de noticias, el avance dado por la Universidad Aut\u00f3noma de Entre R\u00edos (Uader) con la incorporaci\u00f3n a la plataforma de su primera escuela secundaria, el Colegio Hist\u00f3rico Justo Jos\u00e9 de Urquiza, de Concepci\u00f3n del Uruguay, que depende de la Facultad de Ciencia y Tecnolog\u00eda.<\/p>\n<p>De manera paulatina, y a lo largo del a\u00f1o 2025, fue posible que la documentaci\u00f3n de toda la matr\u00edcula de la centenaria instituci\u00f3n educativa sea integrada en el sistema que vertebra la vida acad\u00e9mica de las universidades p\u00fablicas argentinas. No se trata simplemente de un sistema inform\u00e1tico, sino de una plataforma estrat\u00e9gica que organiza, resguarda y proyecta la trayectoria educativa de miles de estudiantes.<\/p>\n<p>En la publicaci\u00f3n del SIU-Guaran\u00ed se reconoci\u00f3 la labor de los equipos t\u00e9cnicos de Uader, de la Facultad de Ciencia y Tecnolog\u00edade la que depende la escuela secundaria y felicit\u00f3 a la comunidad educativa del colegio por el paso dado.<\/p>\n<p>En junio de 2025 se realiz\u00f3 la presentaci\u00f3n oficial del Bolet\u00edn de Calificaciones Digital ante los tutores y tutoras legales de estudiantes de primer a\u00f1o del colegio, en una ceremonia que cont\u00f3 con autoridades acad\u00e9micas y pol\u00edticas de los distintos niveles y poderes del Estado. Paulatinamente, desde entonces, se ha ido completando la gesti\u00f3n desde el SIU-Guaran\u00ed de toda la matr\u00edcula de la instituci\u00f3n educativa.<\/p>\n<p>\u201cTodo esto es parte de la transformaci\u00f3n digital que est\u00e1 llevando adelante la Universidad\u201d, destac\u00f3 el rector Luciano Filipuzzi. \u201cEs el proceso de modernizaci\u00f3n que tanto nos enorgullece\u201d a\u00f1adi\u00f3 y consider\u00f3 que el trabajo realizado ha hecho posible \u201cno otra cosa que lo que tiene que ocurrir en la Universidad\u201d.<\/p>\n<p>\u201cEsto es, claramente, empezar a adaptarnos a todo lo que se viene. La Universidad es una instituci\u00f3n que tiene una din\u00e1mica m\u00e1s del Siglo XX m\u00e1s que la del Siglo XXI. Pero no tenemos muchas alternativas. Al futuro hay que empezar a transitarlo\u201d, exhort\u00f3.<\/p>\n<p>\u00a0<\/p>\n<p><strong>Un plan en etapas<\/strong><\/p>\n<p>En junio de 2025 se realiz\u00f3 la presentaci\u00f3n oficial del Bolet\u00edn de Calificaciones Digital ante los tutores y tutoras legales de estudiantes de primer a\u00f1o del colegio, en una ceremonia que cont\u00f3 con autoridades acad\u00e9micas y pol\u00edticas de los distintos niveles y poderes del Estado. Paulatinamente, desde entonces, se ha ido completando la gesti\u00f3n desde el SIU-Guaran\u00ed de toda la matr\u00edcula de la instituci\u00f3n educativa.<\/p>\n<p>El decano de Ciencia y Tecnolog\u00eda, Juan Pablo Filipuzzi, agradeci\u00f3 especialmente a las familias, a los estudiantes por este reconocimiento y subray\u00f3 el aporte de la Universidad Nacional de Catamarca que colabor\u00f3 con el desarrollo de la incorporaci\u00f3n a la plataforma.<\/p>\n<p>\u201cEste avance es fruto de acciones planificadas en el marco del Plan de Contingencia y Modernizaci\u00f3n del Colegio Hist\u00f3rico. Representa no solo la modernizaci\u00f3n acad\u00e9mica sino tambi\u00e9n una nueva tendencia en la Universidad\u201d, destac\u00f3.<\/p>\n<p>Acerca de la tarea desarrollada, mencion\u00f3 que \u201cse comenz\u00f3 subiendo las libretas de calificaciones, luego se habilit\u00f3 la inscripci\u00f3n de estudiantes online para llegar en diciembre de 2025 al t\u00edtulo digital\u201d. \u201cHoy todos los estudiantes se encuentran en el sistema con toda su historia acad\u00e9mica. Es la primera escuela de pregrado de Uader y estamos a disposici\u00f3n para que se pueda dar el paso con las otras escuelas de la Universidad\u201d, resalt\u00f3.<\/p>\n<p>\u00a0<\/p>\n<p>\u00a0<\/p>\n<p>De la Redacci\u00f3n de Entre R\u00edos Ahora<\/p>\n<p>\u00a0\u00a0 \u00a0 \u00a0 La coordinaci\u00f3n del sistema de digitalizaci\u00f3n acad\u00e9mica SIU-Guaran\u00ed puso de relieve, en su portal de noticias, el avance dado por la Universidad Aut\u00f3noma de Entre R\u00edos (Uader) con la incorporaci\u00f3n a la plataforma de su primera escuela secundaria, el Colegio Hist\u00f3rico Justo Jos\u00e9 de Urquiza, de Concepci\u00f3n del Uruguay, que depende de<\/p>","protected":false},"excerpt":{"rendered":"<div class=\"mh-excerpt\"><p>\u200b\u00a0 \u200b\u00a0 \u200b \u00a0 \u00a0 \u00a0 La coordinaci\u00f3n del sistema de digitalizaci\u00f3n acad\u00e9mica SIU-Guaran\u00ed puso de relieve, en su portal de noticias, el avance dado <a class=\"mh-excerpt-more\" href=\"https:\/\/fmlibertadfeliciano.com.ar\/?p=3022\" title=\"La digitalizaci\u00f3n en Uader, con reconocimeinto nacional\">[&#8230;]<\/a><\/p>\n<\/div>","protected":false},"author":1,"featured_media":0,"comment_status":"open","ping_status":"open","sticky":false,"template":"","format":"standard","meta":{"footnotes":""},"categories":[1],"tags":[],"class_list":["post-3022","post","type-post","status-publish","format-standard","hentry","category-sin-categoria"],"_links":{"self":[{"href":"https:\/\/fmlibertadfeliciano.com.ar\/index.php?rest_route=\/wp\/v2\/posts\/3022","targetHints":{"allow":["GET"]}}],"collection":[{"href":"https:\/\/fmlibertadfeliciano.com.ar\/index.php?rest_route=\/wp\/v2\/posts"}],"about":[{"href":"https:\/\/fmlibertadfeliciano.com.ar\/index.php?rest_route=\/wp\/v2\/types\/post"}],"author":[{"embeddable":true,"href":"https:\/\/fmlibertadfeliciano.com.ar\/index.php?rest_route=\/wp\/v2\/users\/1"}],"replies":[{"embeddable":true,"href":"https:\/\/fmlibertadfeliciano.com.ar\/index.php?rest_route=%2Fwp%2Fv2%2Fcomments&post=3022"}],"version-history":[{"count":0,"href":"https:\/\/fmlibertadfeliciano.com.ar\/index.php?rest_route=\/wp\/v2\/posts\/3022\/revisions"}],"wp:attachment":[{"href":"https:\/\/fmlibertadfeliciano.com.ar\/index.php?rest_route=%2Fwp%2Fv2%2Fmedia&parent=3022"}],"wp:term":[{"taxonomy":"category","embeddable":true,"href":"https:\/\/fmlibertadfeliciano.com.ar\/index.php?rest_route=%2Fwp%2Fv2%2Fcategories&post=3022"},{"taxonomy":"post_tag","embeddable":true,"href":"https:\/\/fmlibertadfeliciano.com.ar\/index.php?rest_route=%2Fwp%2Fv2%2Ftags&post=3022"}],"curies":[{"name":"wp","href":"https:\/\/api.w.org\/{rel}","templated":true}]}}