{"id":3023,"date":"2026-03-05T14:18:40","date_gmt":"2026-03-05T14:18:40","guid":{"rendered":"https:\/\/fmlibertadfeliciano.com.ar\/?p=3023"},"modified":"2026-03-05T14:18:40","modified_gmt":"2026-03-05T14:18:40","slug":"escuelas","status":"publish","type":"post","link":"https:\/\/fmlibertadfeliciano.com.ar\/?p=3023","title":{"rendered":"Escuelas"},"content":{"rendered":"<p>\u200b\u00a0<\/p>\n<p>\u200b\u00a0<\/p>\n<p>\u200b<span class=\"cb-itemprop\"><\/span><\/p>\n<p>\u00a0<\/p>\n<p>\u00a0<\/p>\n<p>San V\u00edctor es una comunica ubicada a 30 kil\u00f3metros de San Jos\u00e9 de Feliciano. Hasta San V\u00edctor, el Municipio que conduce Dami\u00e1n Ar\u00e9valo (PJ) envi\u00f3 personal para que procedieran a desinfectar edificios escolares ante el inicio del ciclo escolar 2026. \u00abEn San V\u00edctor, colaboramos con la desinfecci\u00f3n del edificio escolar.\u00a0 Por pedido del Director Departamental de Escuelas, un equipo Municipal se traslad\u00f3 a la Comuna, para colaborar con la desinfecci\u00f3n de la Escuela Secundaria Jose Hernandez. En la medida que se pueda, nos hacemos cargo de trabajos de urgencia en forma excepcional, atentos a la problem\u00e1tica planteada. Utilizando equipo especial y personal capacitado, utilizamos un producto de uso ambiental autorizado, formulado para el control de plagas en instalaciones (paredes, pisos, techos) como moscas, mosquitos, t\u00e1banos, piojillos, entre otros. Creemos que trabajar en equipo es la mejor manera de ayudar al equipo docente y nuestros gurises\u00bb, dijo Ar\u00e9valo.<\/p>\n<p><a href=\"https:\/\/entreriosahora.com\/escuelas-3\/escuela-183\/\"><img loading=\"lazy\" decoding=\"async\" width=\"332\" height=\"590\" src=\"https:\/\/entreriosahora.com\/wp-content\/uploads\/2026\/03\/escuela.jpg\" class=\"attachment-full size-full\" alt=\"\" \/><\/a><br \/>\n<a href=\"https:\/\/entreriosahora.com\/escuelas-3\/escuela1-54\/\"><img loading=\"lazy\" decoding=\"async\" width=\"899\" height=\"1599\" src=\"https:\/\/entreriosahora.com\/wp-content\/uploads\/2026\/03\/escuela1.jpg\" class=\"attachment-full size-full\" alt=\"\" \/><\/a><br \/>\n<a href=\"https:\/\/entreriosahora.com\/escuelas-3\/escuela2-27\/\"><img loading=\"lazy\" decoding=\"async\" width=\"899\" height=\"1599\" src=\"https:\/\/entreriosahora.com\/wp-content\/uploads\/2026\/03\/escuela2.jpg\" class=\"attachment-full size-full\" alt=\"\" \/><\/a><br \/>\n<a href=\"https:\/\/entreriosahora.com\/escuelas-3\/escuela3-22\/\"><img decoding=\"async\" loading=\"lazy\" width=\"899\" height=\"1599\" src=\"https:\/\/entreriosahora.com\/wp-content\/uploads\/2026\/03\/escuela3.jpg\" class=\"attachment-full size-full\" alt=\"\" \/><\/a><\/p>\n<p>\u00a0<\/p>\n<p>De la Redacci\u00f3n de Entre R\u00edos Ahora<\/p>\n<p>\u00a0\u00a0 \u00a0 San V\u00edctor es una comunica ubicada a 30 kil\u00f3metros de San Jos\u00e9 de Feliciano. Hasta San V\u00edctor, el Municipio que conduce Dami\u00e1n Ar\u00e9valo (PJ) envi\u00f3 personal para que procedieran a desinfectar edificios escolares ante el inicio del ciclo escolar 2026. \u00abEn San V\u00edctor, colaboramos con la desinfecci\u00f3n del edificio escolar.\u00a0 Por pedido del<\/p>","protected":false},"excerpt":{"rendered":"<div class=\"mh-excerpt\"><p>\u200b\u00a0 \u200b\u00a0 \u200b \u00a0 \u00a0 San V\u00edctor es una comunica ubicada a 30 kil\u00f3metros de San Jos\u00e9 de Feliciano. Hasta San V\u00edctor, el Municipio que <a class=\"mh-excerpt-more\" href=\"https:\/\/fmlibertadfeliciano.com.ar\/?p=3023\" title=\"Escuelas\">[&#8230;]<\/a><\/p>\n<\/div>","protected":false},"author":1,"featured_media":3024,"comment_status":"open","ping_status":"open","sticky":false,"template":"","format":"standard","meta":{"footnotes":""},"categories":[1],"tags":[],"class_list":["post-3023","post","type-post","status-publish","format-standard","has-post-thumbnail","hentry","category-sin-categoria"],"_links":{"self":[{"href":"https:\/\/fmlibertadfeliciano.com.ar\/index.php?rest_route=\/wp\/v2\/posts\/3023","targetHints":{"allow":["GET"]}}],"collection":[{"href":"https:\/\/fmlibertadfeliciano.com.ar\/index.php?rest_route=\/wp\/v2\/posts"}],"about":[{"href":"https:\/\/fmlibertadfeliciano.com.ar\/index.php?rest_route=\/wp\/v2\/types\/post"}],"author":[{"embeddable":true,"href":"https:\/\/fmlibertadfeliciano.com.ar\/index.php?rest_route=\/wp\/v2\/users\/1"}],"replies":[{"embeddable":true,"href":"https:\/\/fmlibertadfeliciano.com.ar\/index.php?rest_route=%2Fwp%2Fv2%2Fcomments&post=3023"}],"version-history":[{"count":0,"href":"https:\/\/fmlibertadfeliciano.com.ar\/index.php?rest_route=\/wp\/v2\/posts\/3023\/revisions"}],"wp:featuredmedia":[{"embeddable":true,"href":"https:\/\/fmlibertadfeliciano.com.ar\/index.php?rest_route=\/wp\/v2\/media\/3024"}],"wp:attachment":[{"href":"https:\/\/fmlibertadfeliciano.com.ar\/index.php?rest_route=%2Fwp%2Fv2%2Fmedia&parent=3023"}],"wp:term":[{"taxonomy":"category","embeddable":true,"href":"https:\/\/fmlibertadfeliciano.com.ar\/index.php?rest_route=%2Fwp%2Fv2%2Fcategories&post=3023"},{"taxonomy":"post_tag","embeddable":true,"href":"https:\/\/fmlibertadfeliciano.com.ar\/index.php?rest_route=%2Fwp%2Fv2%2Ftags&post=3023"}],"curies":[{"name":"wp","href":"https:\/\/api.w.org\/{rel}","templated":true}]}}