{"id":3026,"date":"2026-03-05T13:43:26","date_gmt":"2026-03-05T13:43:26","guid":{"rendered":"https:\/\/fmlibertadfeliciano.com.ar\/?p=3026"},"modified":"2026-03-05T13:43:26","modified_gmt":"2026-03-05T13:43:26","slug":"coro","status":"publish","type":"post","link":"https:\/\/fmlibertadfeliciano.com.ar\/?p=3026","title":{"rendered":"Coro"},"content":{"rendered":"<p>\u200b\u00a0<\/p>\n<p>\u200b\u00a0<\/p>\n<p>\u200b<span class=\"cb-itemprop\"><\/span><\/p>\n<p>\u00a0<\/p>\n<p>\u00a0<\/p>\n<p>Est\u00e1n abiertas las inscripciones al Taller de Ingreso del Coro de la Ciudad. Se podr\u00e1n realizar hasta el domingo 8 de marzo. El taller comenzar\u00e1 el lunes 9 de marzo y se desarrollar\u00e1 durante un mes. El Coro de la Ciudad integra a vecinos en una experiencia art\u00edstica y promueve la formaci\u00f3n integral a trav\u00e9s del canto colectivo. La convocatoria de la Municipalidad est\u00e1 destinada a personas mayores de 18 a\u00f1os que cuenten con voz sana, flexibilidad vocal, empat\u00eda t\u00edmbrica con el conjunto coral y facilidad de aprendizaje auditivo. Se solicita compromiso con la asistencia y puntualidad a los ensayos. El taller se realizar\u00e1 los d\u00edas lunes de 19,30 a 21,30, en el Centro Cultural Juan L. Ortiz (Bv. Racedo 250) y los jueves de 20 a 21,30 horas, en la Escuela Municipal de Danza (25 de junio 54). El Coro de la Ciudad, creado en 1996 en el marco del programa municipal Todas las Voces, sostiene como premisa el fomento del canto comunitario e integra a vecinos y vecinas en una experiencia art\u00edstico-cultural que promueve la formaci\u00f3n integral e inclusiva a trav\u00e9s del canto colectivo. A lo largo de su trayectoria comparti\u00f3 presentaciones con la Orquesta Sinf\u00f3nica de Entre R\u00edos y con la Banda Militar de M\u00fasica de la II Brigada A\u00e9rea de Paran\u00e1, adem\u00e1s de participar en encuentros corales provinciales y nacionales. Entre sus producciones se destacan el CD Encanto (2006), el documental El Coro de mi Ciudad (2010) y el CD Coro de la Ciudad \u2013 22 a\u00f1os (2018), junto a diversas realizaciones audiovisuales. Actualmente, el organismo se encuentra bajo la direcci\u00f3n de Eliseo Almada y celebra el 30\u00ba aniversario del programa que le dio origen.<\/p>\n<p>\u00a0<\/p>\n<p>De la Redacci\u00f3n de Entre R\u00edos Ahora<\/p>\n<p>\u00a0\u00a0 \u00a0 Est\u00e1n abiertas las inscripciones al Taller de Ingreso del Coro de la Ciudad. Se podr\u00e1n realizar hasta el domingo 8 de marzo. El taller comenzar\u00e1 el lunes 9 de marzo y se desarrollar\u00e1 durante un mes. El Coro de la Ciudad integra a vecinos en una experiencia art\u00edstica y promueve la formaci\u00f3n integral<\/p>","protected":false},"excerpt":{"rendered":"<div class=\"mh-excerpt\"><p>\u200b\u00a0 \u200b\u00a0 \u200b \u00a0 \u00a0 Est\u00e1n abiertas las inscripciones al Taller de Ingreso del Coro de la Ciudad. Se podr\u00e1n realizar hasta el domingo 8 <a class=\"mh-excerpt-more\" href=\"https:\/\/fmlibertadfeliciano.com.ar\/?p=3026\" title=\"Coro\">[&#8230;]<\/a><\/p>\n<\/div>","protected":false},"author":1,"featured_media":0,"comment_status":"open","ping_status":"open","sticky":false,"template":"","format":"standard","meta":{"footnotes":""},"categories":[1],"tags":[],"class_list":["post-3026","post","type-post","status-publish","format-standard","hentry","category-sin-categoria"],"_links":{"self":[{"href":"https:\/\/fmlibertadfeliciano.com.ar\/index.php?rest_route=\/wp\/v2\/posts\/3026","targetHints":{"allow":["GET"]}}],"collection":[{"href":"https:\/\/fmlibertadfeliciano.com.ar\/index.php?rest_route=\/wp\/v2\/posts"}],"about":[{"href":"https:\/\/fmlibertadfeliciano.com.ar\/index.php?rest_route=\/wp\/v2\/types\/post"}],"author":[{"embeddable":true,"href":"https:\/\/fmlibertadfeliciano.com.ar\/index.php?rest_route=\/wp\/v2\/users\/1"}],"replies":[{"embeddable":true,"href":"https:\/\/fmlibertadfeliciano.com.ar\/index.php?rest_route=%2Fwp%2Fv2%2Fcomments&post=3026"}],"version-history":[{"count":0,"href":"https:\/\/fmlibertadfeliciano.com.ar\/index.php?rest_route=\/wp\/v2\/posts\/3026\/revisions"}],"wp:attachment":[{"href":"https:\/\/fmlibertadfeliciano.com.ar\/index.php?rest_route=%2Fwp%2Fv2%2Fmedia&parent=3026"}],"wp:term":[{"taxonomy":"category","embeddable":true,"href":"https:\/\/fmlibertadfeliciano.com.ar\/index.php?rest_route=%2Fwp%2Fv2%2Fcategories&post=3026"},{"taxonomy":"post_tag","embeddable":true,"href":"https:\/\/fmlibertadfeliciano.com.ar\/index.php?rest_route=%2Fwp%2Fv2%2Ftags&post=3026"}],"curies":[{"name":"wp","href":"https:\/\/api.w.org\/{rel}","templated":true}]}}