{"id":3027,"date":"2026-03-05T13:15:50","date_gmt":"2026-03-05T13:15:50","guid":{"rendered":"https:\/\/fmlibertadfeliciano.com.ar\/?p=3027"},"modified":"2026-03-05T13:15:50","modified_gmt":"2026-03-05T13:15:50","slug":"pami-en-crisis-prestadores-sin-cobrar-y-atencion-en-riesgo-para-millones-de-jubilados","status":"publish","type":"post","link":"https:\/\/fmlibertadfeliciano.com.ar\/?p=3027","title":{"rendered":"PAMI en crisis: Prestadores sin cobrar y atenci\u00f3n en riesgo para millones de jubilados"},"content":{"rendered":"<p>\u200b\u00a0<\/p>\n<p>\u200b\u00a0<\/p>\n<p>\u200b<\/p>\n<figure>\n                        <img decoding=\"async\" src=\"https:\/\/apfdigital-s3.cdn.net.ar\/s3i233\/2026\/03\/apfdigital\/images\/02\/49\/75\/2497517_5d8e1f2653d3880b0f1804abf97998b370e5fb7f1bcc0a685867be864eacce56\/md.webp\" alt=\"\" class=\"type:primaryImage\" \/><figcaption><\/figcaption><\/figure>\n<p>\u00a0La obra social acumula denuncias por atrasos en pagos a odont\u00f3logos, \u00f3pticas y otros profesionales, lo que deriv\u00f3 en suspensiones de servicios en varias provincias y pone en jaque la continuidad de la atenci\u00f3n a afiliados.<\/p>","protected":false},"excerpt":{"rendered":"<div class=\"mh-excerpt\"><p>\u200b\u00a0 \u200b\u00a0 \u200b \u00a0La obra social acumula denuncias por atrasos en pagos a odont\u00f3logos, \u00f3pticas y otros profesionales, lo que deriv\u00f3 en suspensiones de servicios <a class=\"mh-excerpt-more\" href=\"https:\/\/fmlibertadfeliciano.com.ar\/?p=3027\" title=\"PAMI en crisis: Prestadores sin cobrar y atenci\u00f3n en riesgo para millones de jubilados\">[&#8230;]<\/a><\/p>\n<\/div>","protected":false},"author":1,"featured_media":3028,"comment_status":"open","ping_status":"open","sticky":false,"template":"","format":"standard","meta":{"footnotes":""},"categories":[1],"tags":[],"class_list":["post-3027","post","type-post","status-publish","format-standard","has-post-thumbnail","hentry","category-sin-categoria"],"_links":{"self":[{"href":"https:\/\/fmlibertadfeliciano.com.ar\/index.php?rest_route=\/wp\/v2\/posts\/3027","targetHints":{"allow":["GET"]}}],"collection":[{"href":"https:\/\/fmlibertadfeliciano.com.ar\/index.php?rest_route=\/wp\/v2\/posts"}],"about":[{"href":"https:\/\/fmlibertadfeliciano.com.ar\/index.php?rest_route=\/wp\/v2\/types\/post"}],"author":[{"embeddable":true,"href":"https:\/\/fmlibertadfeliciano.com.ar\/index.php?rest_route=\/wp\/v2\/users\/1"}],"replies":[{"embeddable":true,"href":"https:\/\/fmlibertadfeliciano.com.ar\/index.php?rest_route=%2Fwp%2Fv2%2Fcomments&post=3027"}],"version-history":[{"count":0,"href":"https:\/\/fmlibertadfeliciano.com.ar\/index.php?rest_route=\/wp\/v2\/posts\/3027\/revisions"}],"wp:featuredmedia":[{"embeddable":true,"href":"https:\/\/fmlibertadfeliciano.com.ar\/index.php?rest_route=\/wp\/v2\/media\/3028"}],"wp:attachment":[{"href":"https:\/\/fmlibertadfeliciano.com.ar\/index.php?rest_route=%2Fwp%2Fv2%2Fmedia&parent=3027"}],"wp:term":[{"taxonomy":"category","embeddable":true,"href":"https:\/\/fmlibertadfeliciano.com.ar\/index.php?rest_route=%2Fwp%2Fv2%2Fcategories&post=3027"},{"taxonomy":"post_tag","embeddable":true,"href":"https:\/\/fmlibertadfeliciano.com.ar\/index.php?rest_route=%2Fwp%2Fv2%2Ftags&post=3027"}],"curies":[{"name":"wp","href":"https:\/\/api.w.org\/{rel}","templated":true}]}}