{"id":3029,"date":"2026-03-05T12:56:32","date_gmt":"2026-03-05T12:56:32","guid":{"rendered":"https:\/\/fmlibertadfeliciano.com.ar\/?p=3029"},"modified":"2026-03-05T12:56:32","modified_gmt":"2026-03-05T12:56:32","slug":"luis-caputo-anuncio-que-se-reactiva-la-construccion-de-una-represa-en-santa-cruz-financiada-por-china","status":"publish","type":"post","link":"https:\/\/fmlibertadfeliciano.com.ar\/?p=3029","title":{"rendered":"Luis Caputo anunci\u00f3 que se reactiva la construcci\u00f3n de una represa en Santa Cruz financiada por China"},"content":{"rendered":"<p>\u200b\u00a0<\/p>\n<p>\u200b\u00a0<\/p>\n<p>\u200b<\/p>\n<figure>\n                        <img decoding=\"async\" src=\"https:\/\/apfdigital-s3.cdn.net.ar\/s3i233\/2026\/03\/apfdigital\/images\/02\/49\/74\/2497451_765e54cd00775445b134006f6f732ca8792b2eb6ecb026c35f5d189a2d727003\/md.webp\" alt=\"\" class=\"type:primaryImage\" \/><figcaption><\/figcaption><\/figure>\n<p>\u00a0Luego de m\u00e1s de dos a\u00f1os de paralisis, se firm\u00f3 un nuevo entendimiento entre la empresa estatal a cargo del proyecto y las constructoras. Se espera que el reinicio fuerte de la obra sea despu\u00e9s del invierno.<\/p>","protected":false},"excerpt":{"rendered":"<div class=\"mh-excerpt\"><p>\u200b\u00a0 \u200b\u00a0 \u200b \u00a0Luego de m\u00e1s de dos a\u00f1os de paralisis, se firm\u00f3 un nuevo entendimiento entre la empresa estatal a cargo del proyecto y <a class=\"mh-excerpt-more\" href=\"https:\/\/fmlibertadfeliciano.com.ar\/?p=3029\" title=\"Luis Caputo anunci\u00f3 que se reactiva la construcci\u00f3n de una represa en Santa Cruz financiada por China\">[&#8230;]<\/a><\/p>\n<\/div>","protected":false},"author":1,"featured_media":3030,"comment_status":"open","ping_status":"open","sticky":false,"template":"","format":"standard","meta":{"footnotes":""},"categories":[1],"tags":[],"class_list":["post-3029","post","type-post","status-publish","format-standard","has-post-thumbnail","hentry","category-sin-categoria"],"_links":{"self":[{"href":"https:\/\/fmlibertadfeliciano.com.ar\/index.php?rest_route=\/wp\/v2\/posts\/3029","targetHints":{"allow":["GET"]}}],"collection":[{"href":"https:\/\/fmlibertadfeliciano.com.ar\/index.php?rest_route=\/wp\/v2\/posts"}],"about":[{"href":"https:\/\/fmlibertadfeliciano.com.ar\/index.php?rest_route=\/wp\/v2\/types\/post"}],"author":[{"embeddable":true,"href":"https:\/\/fmlibertadfeliciano.com.ar\/index.php?rest_route=\/wp\/v2\/users\/1"}],"replies":[{"embeddable":true,"href":"https:\/\/fmlibertadfeliciano.com.ar\/index.php?rest_route=%2Fwp%2Fv2%2Fcomments&post=3029"}],"version-history":[{"count":0,"href":"https:\/\/fmlibertadfeliciano.com.ar\/index.php?rest_route=\/wp\/v2\/posts\/3029\/revisions"}],"wp:featuredmedia":[{"embeddable":true,"href":"https:\/\/fmlibertadfeliciano.com.ar\/index.php?rest_route=\/wp\/v2\/media\/3030"}],"wp:attachment":[{"href":"https:\/\/fmlibertadfeliciano.com.ar\/index.php?rest_route=%2Fwp%2Fv2%2Fmedia&parent=3029"}],"wp:term":[{"taxonomy":"category","embeddable":true,"href":"https:\/\/fmlibertadfeliciano.com.ar\/index.php?rest_route=%2Fwp%2Fv2%2Fcategories&post=3029"},{"taxonomy":"post_tag","embeddable":true,"href":"https:\/\/fmlibertadfeliciano.com.ar\/index.php?rest_route=%2Fwp%2Fv2%2Ftags&post=3029"}],"curies":[{"name":"wp","href":"https:\/\/api.w.org\/{rel}","templated":true}]}}