{"id":3049,"date":"2026-03-08T00:29:33","date_gmt":"2026-03-08T00:29:33","guid":{"rendered":"https:\/\/fmlibertadfeliciano.com.ar\/?p=3049"},"modified":"2026-03-08T00:29:33","modified_gmt":"2026-03-08T00:29:33","slug":"universidad","status":"publish","type":"post","link":"https:\/\/fmlibertadfeliciano.com.ar\/?p=3049","title":{"rendered":"Universidad"},"content":{"rendered":"<p>\u200b\u00a0<\/p>\n<p>\u200b\u00a0<\/p>\n<p>\u200b<span class=\"cb-itemprop\"><\/span><\/p>\n<p>\u00a0<\/p>\n<p>\u00a0<\/p>\n<p>La Secretar\u00eda de Bienestar e Inclusi\u00f3n Estudiantil de la Facultad de Humanidades de la Universidad Aut\u00f3noma de Entre R\u00edos (Uader) dio a conocer el instructivo para la solicitud del r\u00e9gimen especial de cursado para estudiantes trabajadoras\/es y\/o con familiares a cargo. Durante todo el a\u00f1o puede realizarse el pedido, a trav\u00e9s de un formulario online. El R\u00e9gimen Especial de Cursado Para Estudiantes Trabajadores\/as y\/o Con Familiares a Cargo fue aprobado por el consejo superior de Uader, a trav\u00e9s de la ordenanza N\u00ba 091\/17, con el objetivo de \u00abfortalecer las pol\u00edticas de inclusi\u00f3n social y permanencia de los y las estudiantes, actuando sobre problem\u00e1ticas comunes de cursado y ciudadan\u00eda universitaria\u00bb. Aunque hubo una reforma a esa normativa que fijo: \u201cEstablecer que los\/las estudiantes podr\u00e1n solicitar el ingreso al R\u00e9gimen en cualquier \u00e9poca del a\u00f1o acad\u00e9mico, con excepci\u00f3n del primer y segundo punto de art\u00edculo 9\u00b0 de la ordenanza N\u00b0 091 Uader, los cuales podr\u00e1n solicitarlos en el momento en el que se habilitan las inscripciones a materias, seg\u00fan lo establezca el calendario de cada unidad acad\u00e9mica\u201d.<\/p>\n<p>\u00a0<\/p>\n<p>De la Redacci\u00f3n de Entre R\u00edos Ahora<\/p>\n<p>\u00a0\u00a0 \u00a0 La Secretar\u00eda de Bienestar e Inclusi\u00f3n Estudiantil de la Facultad de Humanidades de la Universidad Aut\u00f3noma de Entre R\u00edos (Uader) dio a conocer el instructivo para la solicitud del r\u00e9gimen especial de cursado para estudiantes trabajadoras\/es y\/o con familiares a cargo. Durante todo el a\u00f1o puede realizarse el pedido, a trav\u00e9s de un<\/p>","protected":false},"excerpt":{"rendered":"<div class=\"mh-excerpt\"><p>\u200b\u00a0 \u200b\u00a0 \u200b \u00a0 \u00a0 La Secretar\u00eda de Bienestar e Inclusi\u00f3n Estudiantil de la Facultad de Humanidades de la Universidad Aut\u00f3noma de Entre R\u00edos (Uader) <a class=\"mh-excerpt-more\" href=\"https:\/\/fmlibertadfeliciano.com.ar\/?p=3049\" title=\"Universidad\">[&#8230;]<\/a><\/p>\n<\/div>","protected":false},"author":1,"featured_media":0,"comment_status":"open","ping_status":"open","sticky":false,"template":"","format":"standard","meta":{"footnotes":""},"categories":[1],"tags":[],"class_list":["post-3049","post","type-post","status-publish","format-standard","hentry","category-sin-categoria"],"_links":{"self":[{"href":"https:\/\/fmlibertadfeliciano.com.ar\/index.php?rest_route=\/wp\/v2\/posts\/3049","targetHints":{"allow":["GET"]}}],"collection":[{"href":"https:\/\/fmlibertadfeliciano.com.ar\/index.php?rest_route=\/wp\/v2\/posts"}],"about":[{"href":"https:\/\/fmlibertadfeliciano.com.ar\/index.php?rest_route=\/wp\/v2\/types\/post"}],"author":[{"embeddable":true,"href":"https:\/\/fmlibertadfeliciano.com.ar\/index.php?rest_route=\/wp\/v2\/users\/1"}],"replies":[{"embeddable":true,"href":"https:\/\/fmlibertadfeliciano.com.ar\/index.php?rest_route=%2Fwp%2Fv2%2Fcomments&post=3049"}],"version-history":[{"count":0,"href":"https:\/\/fmlibertadfeliciano.com.ar\/index.php?rest_route=\/wp\/v2\/posts\/3049\/revisions"}],"wp:attachment":[{"href":"https:\/\/fmlibertadfeliciano.com.ar\/index.php?rest_route=%2Fwp%2Fv2%2Fmedia&parent=3049"}],"wp:term":[{"taxonomy":"category","embeddable":true,"href":"https:\/\/fmlibertadfeliciano.com.ar\/index.php?rest_route=%2Fwp%2Fv2%2Fcategories&post=3049"},{"taxonomy":"post_tag","embeddable":true,"href":"https:\/\/fmlibertadfeliciano.com.ar\/index.php?rest_route=%2Fwp%2Fv2%2Ftags&post=3049"}],"curies":[{"name":"wp","href":"https:\/\/api.w.org\/{rel}","templated":true}]}}