{"id":3050,"date":"2026-03-08T00:21:38","date_gmt":"2026-03-08T00:21:38","guid":{"rendered":"https:\/\/fmlibertadfeliciano.com.ar\/?p=3050"},"modified":"2026-03-08T00:21:38","modified_gmt":"2026-03-08T00:21:38","slug":"gallay-le-responde-a-los-medicos-queremos-ordenar","status":"publish","type":"post","link":"https:\/\/fmlibertadfeliciano.com.ar\/?p=3050","title":{"rendered":"Gallay le responde a los m\u00e9dicos: \u00abQueremos ordenar\u00bb"},"content":{"rendered":"<p>\u200b\u00a0<\/p>\n<p>\u200b\u00a0<\/p>\n<p>\u200b<span class=\"cb-itemprop\"><\/span><\/p>\n<p>\u00a0<\/p>\n<p>Los profesionales de la carrera m\u00e9dico asistencial se movilizaron este s\u00e1bado hasta Casa de Gobierno para rechazar los t\u00e9rminos de un proyecto de ley con media sanci\u00f3n del Senado que se discute en Diputados y que les impone una carga de 24 horas semanales a cumplir en hospitales y centros de salud. Dicen que esas horas resultan excesivas, y que a lo sumo podr\u00edan cumplir una carga de 18 horas.<\/p>\n<p>La Ley N\u00b0 9.892, sancionada en 2008, y que regula la carrera m\u00e9dico asistencial, estableci\u00f3 en su art\u00edculo 27\u00b0 una carga horaria de 36 horas semanales, algo que los profesionales consideran incumplible. Adem\u00e1s, esa ley previ\u00f3 una reglamentaci\u00f3n que nunca se dio. Nadie cumple 36 horas porque implicar\u00eda trabajar seis d\u00edas a la semana (incluidos s\u00e1bados), 6 horas al d\u00eda. Un proyecto de ley que modifica aquella norma y que tiene media sanci\u00f3n del Senado busca establecer en 24 horas la carga horaria. Pero tampoco convence. El argumento es que los sueldos bajos obliga a los profesionales a buscar otros empleos paralelos.<\/p>\n<p>El diputado Silvio Gallay (Juntos), presidente de la Comisi\u00f3n de Salud de la C\u00e1mara de Diputados, responde al reclamo y sostiene que de lo que se trata es de impulsar \u201cuna reforma integral para saldar una deuda hist\u00f3rica con la regularizaci\u00f3n laboral\u201d.<\/p>\n<blockquote class=\"wp-embedded-content\" data-secret=\"nDHYXGvkzo\">\n<p><a href=\"https:\/\/entreriosahora.com\/fuerte-protesta-de-medicos-en-casa-de-gobierno\/\">Fuerte protesta de m\u00e9dicos en Casa de Gobierno<\/a><\/p>\n<\/blockquote>\n<p>El legislador opina que la intenci\u00f3n es \u201cmodernizar el sistema sanitario provincial\u201d y que para eso se avanza \u201cen la redacci\u00f3n de un proyecto de ley que busca regularizar la situaci\u00f3n de los profesionales de la salud en Entre R\u00edos. La iniciativa surge para dar respuesta a un reclamo de a\u00f1os y otorgar, finalmente, un marco normativo s\u00f3lido a condiciones laborales que hist\u00f3ricamente han funcionado por fuera de la legislaci\u00f3n vigente\u201d.<\/p>\n<p>El proyecto, que ya cuenta con un borrador avanzado, \u201ccontempla la modificaci\u00f3n de normativas para adaptar el sistema de salud a las necesidades actuales. Entre los puntos centrales se encuentran el sinceramiento de la carga horaria, la optimizaci\u00f3n del sistema de concursos y la incorporaci\u00f3n formal a la Ley 9.892 de aquellos profesionales que hoy se encuentran bajo la modalidad de decreto\u201d.<\/p>\n<p>Al respecto, Gallay destac\u00f3 la importancia de abordar problem\u00e1ticas que fueron postergadas por gestiones anteriores. \u201cEstamos avanzando en sincerar la carga horaria de los profesionales de la salud, una discusi\u00f3n que nadie se anim\u00f3 a dar en mucho tiempo\u201d, explic\u00f3. Y agreg\u00f3 que \u201cel objetivo final es ordenar y garantizar derechos\u201d.<\/p>\n<p>Luego, diferenci\u00f3 el esp\u00edritu de la norma de las negociaciones paritarias: \u201cHay quienes pretenden instalar una discusi\u00f3n salarial que no corresponde en este marco; aqu\u00ed estamos discutiendo cu\u00e1ntas horas debe trabajar un profesional cuando elige trabajar con el Estado\u201d.<\/p>\n<p>\u00a0<\/p>\n<p>De la Redacci\u00f3n de Entre R\u00edos Ahora<\/p>\n<p>\u00a0<\/p>\n<p>\u00a0<\/p>\n<p>\u00a0\u00a0 Los profesionales de la carrera m\u00e9dico asistencial se movilizaron este s\u00e1bado hasta Casa de Gobierno para rechazar los t\u00e9rminos de un proyecto de ley con media sanci\u00f3n del Senado que se discute en Diputados y que les impone una carga de 24 horas semanales a cumplir en hospitales y centros de salud. Dicen que<\/p>","protected":false},"excerpt":{"rendered":"<div class=\"mh-excerpt\"><p>\u200b\u00a0 \u200b\u00a0 \u200b \u00a0 Los profesionales de la carrera m\u00e9dico asistencial se movilizaron este s\u00e1bado hasta Casa de Gobierno para rechazar los t\u00e9rminos de un <a class=\"mh-excerpt-more\" href=\"https:\/\/fmlibertadfeliciano.com.ar\/?p=3050\" title=\"Gallay le responde a los m\u00e9dicos: \u00abQueremos ordenar\u00bb\">[&#8230;]<\/a><\/p>\n<\/div>","protected":false},"author":1,"featured_media":0,"comment_status":"open","ping_status":"open","sticky":false,"template":"","format":"standard","meta":{"footnotes":""},"categories":[1],"tags":[],"class_list":["post-3050","post","type-post","status-publish","format-standard","hentry","category-sin-categoria"],"_links":{"self":[{"href":"https:\/\/fmlibertadfeliciano.com.ar\/index.php?rest_route=\/wp\/v2\/posts\/3050","targetHints":{"allow":["GET"]}}],"collection":[{"href":"https:\/\/fmlibertadfeliciano.com.ar\/index.php?rest_route=\/wp\/v2\/posts"}],"about":[{"href":"https:\/\/fmlibertadfeliciano.com.ar\/index.php?rest_route=\/wp\/v2\/types\/post"}],"author":[{"embeddable":true,"href":"https:\/\/fmlibertadfeliciano.com.ar\/index.php?rest_route=\/wp\/v2\/users\/1"}],"replies":[{"embeddable":true,"href":"https:\/\/fmlibertadfeliciano.com.ar\/index.php?rest_route=%2Fwp%2Fv2%2Fcomments&post=3050"}],"version-history":[{"count":0,"href":"https:\/\/fmlibertadfeliciano.com.ar\/index.php?rest_route=\/wp\/v2\/posts\/3050\/revisions"}],"wp:attachment":[{"href":"https:\/\/fmlibertadfeliciano.com.ar\/index.php?rest_route=%2Fwp%2Fv2%2Fmedia&parent=3050"}],"wp:term":[{"taxonomy":"category","embeddable":true,"href":"https:\/\/fmlibertadfeliciano.com.ar\/index.php?rest_route=%2Fwp%2Fv2%2Fcategories&post=3050"},{"taxonomy":"post_tag","embeddable":true,"href":"https:\/\/fmlibertadfeliciano.com.ar\/index.php?rest_route=%2Fwp%2Fv2%2Ftags&post=3050"}],"curies":[{"name":"wp","href":"https:\/\/api.w.org\/{rel}","templated":true}]}}