{"id":3051,"date":"2026-03-08T00:05:38","date_gmt":"2026-03-08T00:05:38","guid":{"rendered":"https:\/\/fmlibertadfeliciano.com.ar\/?p=3051"},"modified":"2026-03-08T00:05:38","modified_gmt":"2026-03-08T00:05:38","slug":"area-metropolitana-el-boleto-pasa-de-1-570-a-1-85260","status":"publish","type":"post","link":"https:\/\/fmlibertadfeliciano.com.ar\/?p=3051","title":{"rendered":"\u00c1rea metropolitana: el boleto pasa de $1.570 a $1.852,60"},"content":{"rendered":"<p>\u200b\u00a0<\/p>\n<p>\u200b\u00a0<\/p>\n<p>\u200b<span class=\"cb-itemprop\"><\/span><\/p>\n<p>\u00a0<\/p>\n<p>\u00a0<\/p>\n<p>\u00a0<\/p>\n<p>La Secretar\u00eda de Transporte de Entre R\u00edos aguarda la aprobaci\u00f3n en breve por parte del Sistema \u00danico de Boleto Electr\u00f3nico (SUBE) el nuevo cuadro tarifario que entrar\u00e1 en vigencia en las l\u00edneas de transporte de pasajeros del \u00e1rea metroplitana de Paran\u00e1. Se trata de una suba del 18%, que llevar\u00e1 el valor de la tarifa plana de los actuales $1.570 a $1.852,60.<\/p>\n<p>An\u00edbal Steren, titular de Transporte, se\u00f1al\u00f3 que el esquema establece que cada seis meses se revise el cuadro tarifario tanto en las empresas que prestan el servicio en el \u00e1rea metropolitana como las l\u00edneas interurbanas de la Provincia. Pero aclar\u00f3 que la \u00faltima actualizaci\u00f3n fue en julio, por lo cual ya han transcurrido ocho meses sin variaci\u00f3n tarifaria.<\/p>\n<p>El funcionario, que asumi\u00f3 el \u00faltimo 21 de enero, debi\u00f3 posponer la autorizaci\u00f3n del aumento. \u201cEsto se ten\u00eda que haber resuelto el 1\u00b0 de enero, y, bueno, reci\u00e9n cerca del 20 de febrero autorizamos el cambio. Ahora, estamos esperando que impacte el aumento en el sistema SUBE: es todo digital, a trav\u00e9s de la p\u00e1gina de la Secretar\u00eda de Transporte. Una vez que Naci\u00f3n lo apruebe, cuando quedan cargados los validadores, ah\u00ed entra en vigencia el aumento\u201d, indic\u00f3.<\/p>\n<p>Steren dijo que est\u00e1n en conversaciones con la Municipalidad de Paran\u00e1 para procurar instrumentar una especie de \u201cboleto combinado\u201d entre el \u00e1rea urbana y el \u00e1rea metropolitana. \u201cLa idea es que m\u00e1s adelante tambi\u00e9n estemos conversando con el Municipio de Paran\u00e1 para ver c\u00f3mo mejorar la combinaci\u00f3n de ambos servicios, el metropolitano y el urbano. Lo ideal ser\u00eda que vos te tomes un colectivo, y despu\u00e9s te cambi\u00e1s de colectivo para hacer una combinaci\u00f3n, y en el rango de una hora, no pagas boleto. Lo estamos viendo. En la zona metropolitana tenemos 500 mil usuarios por mes que utilizan el servicio, de los cuales el 60%, 300 mil, son de Paran\u00e1.<\/p>\n<p><em>-\u00bfC\u00f3mo est\u00e1 la situaci\u00f3n de la concesi\u00f3n en el \u00e1rea metropolitana? <\/em><\/p>\n<p>-La Provincia otorg\u00f3 un permiso de concesi\u00f3n a Ersa Urbano a finales de 2024. La concesi\u00f3n del \u00e1rea metropolitana vence junto con los permisos de las l\u00edneas interurbanas. Tenemos 36 empresas que prestan servicios. Desde el a\u00f1o 1995 se vienen renovando cada cinco a\u00f1os los permisos. Son permisos transitorios. No hay concesi\u00f3n sino permisos transitorios. Despu\u00e9s de la pandemia, se empez\u00f3 a renovar cada dos a\u00f1os, y la \u00faltima renovaci\u00f3n fue por decreto en 2024. O sea que ahora, en marzo de 2026, deber\u00edamos analizar c\u00f3mo renovar. La idea del Gobierno es tratar de reorganizar mejor el servicio de transporte interurbano, ver qu\u00e9 otros actores quieren participar en las distintas rutas que tiene la provincia; lo mismo en el \u00e1rea metropolitana.<\/p>\n<p>\u00a0<\/p>\n<p>\u00a0<\/p>\n<p>De la Redacci\u00f3n de Entre R\u00edos Ahora<\/p>\n<p>\u00a0\u00a0 \u00a0 \u00a0 La Secretar\u00eda de Transporte de Entre R\u00edos aguarda la aprobaci\u00f3n en breve por parte del Sistema \u00danico de Boleto Electr\u00f3nico (SUBE) el nuevo cuadro tarifario que entrar\u00e1 en vigencia en las l\u00edneas de transporte de pasajeros del \u00e1rea metroplitana de Paran\u00e1. Se trata de una suba del 18%, que llevar\u00e1 el valor<\/p>","protected":false},"excerpt":{"rendered":"<div class=\"mh-excerpt\"><p>\u200b\u00a0 \u200b\u00a0 \u200b \u00a0 \u00a0 \u00a0 La Secretar\u00eda de Transporte de Entre R\u00edos aguarda la aprobaci\u00f3n en breve por parte del Sistema \u00danico de Boleto <a class=\"mh-excerpt-more\" href=\"https:\/\/fmlibertadfeliciano.com.ar\/?p=3051\" title=\"\u00c1rea metropolitana: el boleto pasa de $1.570 a $1.852,60\">[&#8230;]<\/a><\/p>\n<\/div>","protected":false},"author":1,"featured_media":0,"comment_status":"open","ping_status":"open","sticky":false,"template":"","format":"standard","meta":{"footnotes":""},"categories":[1],"tags":[],"class_list":["post-3051","post","type-post","status-publish","format-standard","hentry","category-sin-categoria"],"_links":{"self":[{"href":"https:\/\/fmlibertadfeliciano.com.ar\/index.php?rest_route=\/wp\/v2\/posts\/3051","targetHints":{"allow":["GET"]}}],"collection":[{"href":"https:\/\/fmlibertadfeliciano.com.ar\/index.php?rest_route=\/wp\/v2\/posts"}],"about":[{"href":"https:\/\/fmlibertadfeliciano.com.ar\/index.php?rest_route=\/wp\/v2\/types\/post"}],"author":[{"embeddable":true,"href":"https:\/\/fmlibertadfeliciano.com.ar\/index.php?rest_route=\/wp\/v2\/users\/1"}],"replies":[{"embeddable":true,"href":"https:\/\/fmlibertadfeliciano.com.ar\/index.php?rest_route=%2Fwp%2Fv2%2Fcomments&post=3051"}],"version-history":[{"count":0,"href":"https:\/\/fmlibertadfeliciano.com.ar\/index.php?rest_route=\/wp\/v2\/posts\/3051\/revisions"}],"wp:attachment":[{"href":"https:\/\/fmlibertadfeliciano.com.ar\/index.php?rest_route=%2Fwp%2Fv2%2Fmedia&parent=3051"}],"wp:term":[{"taxonomy":"category","embeddable":true,"href":"https:\/\/fmlibertadfeliciano.com.ar\/index.php?rest_route=%2Fwp%2Fv2%2Fcategories&post=3051"},{"taxonomy":"post_tag","embeddable":true,"href":"https:\/\/fmlibertadfeliciano.com.ar\/index.php?rest_route=%2Fwp%2Fv2%2Ftags&post=3051"}],"curies":[{"name":"wp","href":"https:\/\/api.w.org\/{rel}","templated":true}]}}