{"id":3059,"date":"2026-03-10T14:19:53","date_gmt":"2026-03-10T14:19:53","guid":{"rendered":"https:\/\/fmlibertadfeliciano.com.ar\/?p=3059"},"modified":"2026-03-10T14:19:53","modified_gmt":"2026-03-10T14:19:53","slug":"el-gobierno-provincial-continua-poniendo-en-valor-al-perilago-de-salto-grande","status":"publish","type":"post","link":"https:\/\/fmlibertadfeliciano.com.ar\/?p=3059","title":{"rendered":"El gobierno provincial contin\u00faa poniendo en valor al perilago de Salto Grande"},"content":{"rendered":"<p>\u200b\u00a0<\/p>\n<p>\u200b\u00a0<\/p>\n<p>\u200b<img loading=\"lazy\" decoding=\"async\" width=\"300\" height=\"200\" src=\"https:\/\/www.eldiario.com.ar\/wp-content\/uploads\/2026\/03\/image-20-20x13.jpeg\" class=\"webfeedsFeaturedVisual jl-lazyload lazyload wp-post-image\" alt=\"\" data-src=\"https:\/\/www.eldiario.com.ar\/wp-content\/uploads\/2026\/03\/image-20-300x200.jpeg\" \/><\/p>\n<hr class=\"wp-block-separator has-alpha-channel-opacity\" \/>\n<p>La Unidad Ejecutora Provincial (UEP) llev\u00f3 adelante una serie de intervenciones destinadas a fortalecer los espacios p\u00fablicos del \u00e1rea administrada por la Comisi\u00f3n Administradora para el Desarrollo de Salto Grande (Codesal), a cargo de Eduardo Cristina. La iniciativa apunta a recuperar y potenciar uno de los principales espacios tur\u00edsticos.<\/p>\n<figure class=\"wp-block-image size-large\"><img loading=\"lazy\" decoding=\"async\" width=\"1024\" height=\"683\" src=\"https:\/\/www.eldiario.com.ar\/wp-content\/uploads\/2026\/03\/image-20-1024x683.jpeg\" alt=\"\" class=\"wp-image-483559\" \/><\/figure>\n<p><a href=\"https:\/\/web.whatsapp.com\/send?text=El%20gobierno%20provincial%20contin%C3%BAa%20poniendo%20en%20valor%20al%20perilago%20de%20Salto%20Grande%20%20-%20https%3A%2F%2Fportal.entrerios.gov.ar%2Fnoticias%2F49635\" target=\"_blank\" rel=\"noreferrer noopener\"><\/a><a href=\"https:\/\/twitter.com\/intent\/tweet?text=El%20gobierno%20provincial%20contin%C3%BAa%20poniendo%20en%20valor%20al%20perilago%20de%20Salto%20Grande&amp;url=https%3A%2F%2Fportal.entrerios.gov.ar%2Fnoticias%2F49635\" target=\"_blank\" rel=\"noreferrer noopener\"><\/a><a href=\"https:\/\/www.facebook.com\/sharer\/sharer.php?u=https:\/\/portal.entrerios.gov.ar\/noticias\/49635\" target=\"_blank\" rel=\"noreferrer noopener\"><\/a><\/p>\n<p>Estas acciones de la UEP, dependiente de la Secretar\u00eda General de la Gobernaci\u00f3n, a cargo de Mauricio Colello, se realizaron en el marco del programa de Desarrollo e Integraci\u00f3n de la Regi\u00f3n de Salto Grande. Como parte de las mismas, se adquiri\u00f3 equipamiento para \u00e1reas de esparcimiento, como parrillas, mesas y bancos, con el objetivo de mejorar los espacios de encuentro y recreaci\u00f3n al aire libre dentro de los complejos tur\u00edsticos.<\/p>\n<p>En materia de propuestas recreativas, se avanz\u00f3 en la incorporaci\u00f3n de juegos acu\u00e1ticos y de calistenia, as\u00ed como en la compra de juegos de plaza, cuya entrega se encuentra pr\u00f3xima a concretarse.<\/p>\n<p>Las intervenciones tambi\u00e9n contemplaron la adquisici\u00f3n de luminarias LED, que se colocar\u00e1n con el fin de mejorar la iluminaci\u00f3n de los predios y reforzar las condiciones de uso y seguridad de estos espacios.<\/p>\n<p>Por \u00faltimo, para el \u00e1rea de servicios se adquirieron ablandadores de agua, termotanques y estaciones solares. Este equipamiento, pr\u00f3ximo a instalarse, tiene como objetivo mejorar el funcionamiento de las instalaciones y optimizar las condiciones de prestaci\u00f3n de servicios en los predios.<\/p>\n<p>La infraestructura est\u00e1 destinada a los distintos complejos tur\u00edsticos que conforman el perilago, entre ellos Termas del Ayu\u00ed, Punta Viracho y el camping Las Palmeras, con el fin de mejorar la infraestructura recreativa, los servicios y las condiciones de uso de estos espacios que reciben visitantes durante todo el a\u00f1o.<\/p>\n<p>\u00a0La Unidad Ejecutora Provincial (UEP) llev\u00f3 adelante una serie de intervenciones destinadas a fortalecer los espacios p\u00fablicos del \u00e1rea administrada por la Comisi\u00f3n Administradora para el Desarrollo de Salto Grande (Codesal), a cargo de Eduardo Cristina. La iniciativa apunta a recuperar y potenciar uno de los principales espacios tur\u00edsticos. Estas acciones de la UEP, dependiente<\/p>","protected":false},"excerpt":{"rendered":"<div class=\"mh-excerpt\"><p>\u200b\u00a0 \u200b\u00a0 \u200b La Unidad Ejecutora Provincial (UEP) llev\u00f3 adelante una serie de intervenciones destinadas a fortalecer los espacios p\u00fablicos del \u00e1rea administrada por la <a class=\"mh-excerpt-more\" href=\"https:\/\/fmlibertadfeliciano.com.ar\/?p=3059\" title=\"El gobierno provincial contin\u00faa poniendo en valor al perilago de Salto Grande\">[&#8230;]<\/a><\/p>\n<\/div>","protected":false},"author":1,"featured_media":3060,"comment_status":"open","ping_status":"open","sticky":false,"template":"","format":"standard","meta":{"footnotes":""},"categories":[1],"tags":[],"class_list":["post-3059","post","type-post","status-publish","format-standard","has-post-thumbnail","hentry","category-sin-categoria"],"_links":{"self":[{"href":"https:\/\/fmlibertadfeliciano.com.ar\/index.php?rest_route=\/wp\/v2\/posts\/3059","targetHints":{"allow":["GET"]}}],"collection":[{"href":"https:\/\/fmlibertadfeliciano.com.ar\/index.php?rest_route=\/wp\/v2\/posts"}],"about":[{"href":"https:\/\/fmlibertadfeliciano.com.ar\/index.php?rest_route=\/wp\/v2\/types\/post"}],"author":[{"embeddable":true,"href":"https:\/\/fmlibertadfeliciano.com.ar\/index.php?rest_route=\/wp\/v2\/users\/1"}],"replies":[{"embeddable":true,"href":"https:\/\/fmlibertadfeliciano.com.ar\/index.php?rest_route=%2Fwp%2Fv2%2Fcomments&post=3059"}],"version-history":[{"count":0,"href":"https:\/\/fmlibertadfeliciano.com.ar\/index.php?rest_route=\/wp\/v2\/posts\/3059\/revisions"}],"wp:featuredmedia":[{"embeddable":true,"href":"https:\/\/fmlibertadfeliciano.com.ar\/index.php?rest_route=\/wp\/v2\/media\/3060"}],"wp:attachment":[{"href":"https:\/\/fmlibertadfeliciano.com.ar\/index.php?rest_route=%2Fwp%2Fv2%2Fmedia&parent=3059"}],"wp:term":[{"taxonomy":"category","embeddable":true,"href":"https:\/\/fmlibertadfeliciano.com.ar\/index.php?rest_route=%2Fwp%2Fv2%2Fcategories&post=3059"},{"taxonomy":"post_tag","embeddable":true,"href":"https:\/\/fmlibertadfeliciano.com.ar\/index.php?rest_route=%2Fwp%2Fv2%2Ftags&post=3059"}],"curies":[{"name":"wp","href":"https:\/\/api.w.org\/{rel}","templated":true}]}}