{"id":3065,"date":"2026-03-10T13:37:39","date_gmt":"2026-03-10T13:37:39","guid":{"rendered":"https:\/\/fmlibertadfeliciano.com.ar\/?p=3065"},"modified":"2026-03-10T13:37:39","modified_gmt":"2026-03-10T13:37:39","slug":"agmer-convoco-a-plenario-de-secretarios-generales","status":"publish","type":"post","link":"https:\/\/fmlibertadfeliciano.com.ar\/?p=3065","title":{"rendered":"Agmer convoc\u00f3 a plenario de secretarios generales"},"content":{"rendered":"<p>\u200b\u00a0<\/p>\n<p>\u200b\u00a0<\/p>\n<p>\u200b<span class=\"cb-itemprop\"><\/span><\/p>\n<p>\u00a0<\/p>\n<p>\u00a0<\/p>\n<p>Este viernes 13 la Asociaci\u00f3n Gremial del Magisterio de Entre R\u00edos (Agmer) convoc\u00f3, en Concepci\u00f3n del Uruguay, a su plenario de secretarios generales en medio de un estado de zozobra luego del fracaso de la \u00faltima negociaci\u00f3n paritaria salarial, que se cerr\u00f3 el lunes 2 sin acuerdo y que deriv\u00f3 en la decisi\u00f3n del Poder Ejecutivo de pagar el decreto ofrecido en dos instancias -la primera hab\u00eda sido el 23 de febrero- v\u00eda decreto, por planilla complementaria.<\/p>\n<p>El \u00faltimo plenario se hab\u00eda reunido el 6 de febrero en Ibicuy, departamento Islas, el territorio del actual secretario general de Agmer, Abel Antivero. Ahora, la locaci\u00f3n se ubica en la costa del Uruguay, de donde proviene la adjunta del mayor sindicato docente de Entre R\u00edos, L\u00eda Fimpel. Y ser\u00e1 previo ese encuentro a la convocatoria a un nuevo congreso sindical.<\/p>\n<p>La convocatoria del Gobierno a paritaria en febrero, a una semana del inicio del ciclo lectivo 2026, sucedi\u00f3 tras dos sucesivas solicitudes formuladas por Agmer en los congresos de julio y de diciembre de 2025. Pero tras dos encuentros sucesivos de la paritaria, los cuatro gremios -Agmer, Asociaci\u00f3n del Magisterio de Ense\u00f1anza T\u00e9cnica (Amet), Sindicato Argentino de Docentes Particulares (Sadop) y Uni\u00f3n Docentes Argentinos (UDA)- y ante el rechazo sindical al ofrecimiento salarial, la situaci\u00f3n deriv\u00f3 en un paro, el martes 3.<\/p>\n<blockquote class=\"wp-embedded-content\" data-secret=\"fEPvQfpsM5\">\n<p><a href=\"https:\/\/entreriosahora.com\/paritaria-docente-el-gobierno-paga-el-aumento-por-decreto\/\">Paritaria docente: el Gobierno paga el aumento por decreto<\/a><\/p>\n<\/blockquote>\n<p>\u00a0<\/p>\n<p>El Gobierno, que propuso subir el m\u00ednimo garantizado de bolsillo de $621 mil a $750 mil, subir un 50% la ayuda escolar y volver a negociar en 90 d\u00edas, cuando se espera un mejoramiento de los \u00edndices de recaudaci\u00f3n y as\u00ed la posibildiad de ofrecer sumas en blanco, decidi\u00f3 pagar por decreto el aumento a la docencia. Pero a la vez tambi\u00e9n resolvi\u00f3 descontar los dos d\u00edas de paro docente que hubo, una herramienta que aporta a memar la adhesi\u00f3n a las medidas de fuerza. El Gobierno asegur\u00f3 que este martes 3 el 70% de los docentes acudieron a las escuelas en la provincia.<\/p>\n<p>El \u00faltimo plenario, el 6 de febrero, en Ibicuy, departamento Islas, se declar\u00f3 en estado de alerta y exigi\u00f3 una \u201curgente convocatoria a paritaria salarial para discutir una propuesta que dignifique el salario docente\u201d.<\/p>\n<p>El 23 de febrero, al inicio de la paritaria salarial 2026, se reuni\u00f3 en Paran\u00e1 el congreso provincial de Agmer, y rechaz\u00f3 la primera oferta del Gobierno y declar\u00f3 la \u00absituaci\u00f3n de conflicto\u00bb, una herramienta prevista en la Ley de Paritaria Docente.<\/p>\n<p>\u00a0<\/p>\n<p>\u00a0<\/p>\n<p>De la Redacci\u00f3n de Entre R\u00edos Ahora<\/p>\n<p>\u00a0<\/p>\n<p>\u00a0<\/p>\n<p>\u00a0\u00a0 \u00a0 Este viernes 13 la Asociaci\u00f3n Gremial del Magisterio de Entre R\u00edos (Agmer) convoc\u00f3, en Concepci\u00f3n del Uruguay, a su plenario de secretarios generales en medio de un estado de zozobra luego del fracaso de la \u00faltima negociaci\u00f3n paritaria salarial, que se cerr\u00f3 el lunes 2 sin acuerdo y que deriv\u00f3 en la decisi\u00f3n<\/p>","protected":false},"excerpt":{"rendered":"<div class=\"mh-excerpt\"><p>\u200b\u00a0 \u200b\u00a0 \u200b \u00a0 \u00a0 Este viernes 13 la Asociaci\u00f3n Gremial del Magisterio de Entre R\u00edos (Agmer) convoc\u00f3, en Concepci\u00f3n del Uruguay, a su plenario <a class=\"mh-excerpt-more\" href=\"https:\/\/fmlibertadfeliciano.com.ar\/?p=3065\" title=\"Agmer convoc\u00f3 a plenario de secretarios generales\">[&#8230;]<\/a><\/p>\n<\/div>","protected":false},"author":1,"featured_media":0,"comment_status":"open","ping_status":"open","sticky":false,"template":"","format":"standard","meta":{"footnotes":""},"categories":[1],"tags":[],"class_list":["post-3065","post","type-post","status-publish","format-standard","hentry","category-sin-categoria"],"_links":{"self":[{"href":"https:\/\/fmlibertadfeliciano.com.ar\/index.php?rest_route=\/wp\/v2\/posts\/3065","targetHints":{"allow":["GET"]}}],"collection":[{"href":"https:\/\/fmlibertadfeliciano.com.ar\/index.php?rest_route=\/wp\/v2\/posts"}],"about":[{"href":"https:\/\/fmlibertadfeliciano.com.ar\/index.php?rest_route=\/wp\/v2\/types\/post"}],"author":[{"embeddable":true,"href":"https:\/\/fmlibertadfeliciano.com.ar\/index.php?rest_route=\/wp\/v2\/users\/1"}],"replies":[{"embeddable":true,"href":"https:\/\/fmlibertadfeliciano.com.ar\/index.php?rest_route=%2Fwp%2Fv2%2Fcomments&post=3065"}],"version-history":[{"count":0,"href":"https:\/\/fmlibertadfeliciano.com.ar\/index.php?rest_route=\/wp\/v2\/posts\/3065\/revisions"}],"wp:attachment":[{"href":"https:\/\/fmlibertadfeliciano.com.ar\/index.php?rest_route=%2Fwp%2Fv2%2Fmedia&parent=3065"}],"wp:term":[{"taxonomy":"category","embeddable":true,"href":"https:\/\/fmlibertadfeliciano.com.ar\/index.php?rest_route=%2Fwp%2Fv2%2Fcategories&post=3065"},{"taxonomy":"post_tag","embeddable":true,"href":"https:\/\/fmlibertadfeliciano.com.ar\/index.php?rest_route=%2Fwp%2Fv2%2Ftags&post=3065"}],"curies":[{"name":"wp","href":"https:\/\/api.w.org\/{rel}","templated":true}]}}