{"id":3071,"date":"2026-03-11T14:21:52","date_gmt":"2026-03-11T14:21:52","guid":{"rendered":"https:\/\/fmlibertadfeliciano.com.ar\/?p=3071"},"modified":"2026-03-11T14:21:52","modified_gmt":"2026-03-11T14:21:52","slug":"aulas-superpobladas-y-docentes-en-ascuas-malestar-en-educacion","status":"publish","type":"post","link":"https:\/\/fmlibertadfeliciano.com.ar\/?p=3071","title":{"rendered":"Aulas superpobladas y docentes en ascuas: malestar en Educaci\u00f3n"},"content":{"rendered":"<p>\u200b\u00a0<\/p>\n<p>\u200b\u00a0<\/p>\n<p>\u200b<span class=\"cb-itemprop\"><\/span><\/p>\n<p>\u00a0<\/p>\n<p>Hay una no decisi\u00f3n. El Consejo General de Educaci\u00f3n de momento no ha resuelto aprobar las horas temporarias en las escuelas de nivel secundario y esa situaci\u00f3n deviene en caos mientras se transita la segunda semana del inicio del ciclolectivo 2025. La no aprobaci\u00f3n de esas horas deriva en que no se garantice la planta docente suficiente y ello deriva en cursos hacinados, con m\u00e1s de 50 alumnos.<\/p>\n<p>En el caso de la Escuela Secundaria N\u00b0 48 Congreso de Oriente -ubicada en calle Corrientes al 300, en Paran\u00e1- la situaci\u00f3n es angustiante. Desde Educaci\u00f3n les han solicitado el cierre de todas las divisiones B de 1\u00b0 a 6\u00b0 a\u00f1os. El argumento: la baja matr\u00edcula. El pedido es que reagrupen alumnos, aunque la petici\u00f3n deriva en aulas con m\u00e1s de 50 estudiantes en espacios reducidos que no los contienen. A eso se agrega la zozobra de la planta docente que se queda sin trabajo. \u00abEs un gran caos. No tenemos espacio fisico para trabajar con esa cantidad de chicos, adem\u00e1s que es inhumano, antipedag\u00f3gico, y genera situaciones de hacinamiento. Con esa decisi\u00f3n, todos los docentes de la divisi\u00f3n B perder\u00edan su trabajo\u00bb, se quejan en la escuela.<\/p>\n<p>La situaci\u00f3n se replica en toda la provincia.<\/p>\n<p>La Escuela N\u00b0 1 de Artes Visuales Ces\u00e1reo de Quir\u00f3s, de Rosario del Tala, atraviesa por lo mismo.<\/p>\n<p>\u201cEs complejo lo que nos pasa. No se ha inhabilitado la continuidad de una serie de plazas de la planta temporaria. Esto es una situaci\u00f3n que se repite en toda la provincia. Estuve averiguando un poco para determinar a cu\u00e1nto ascend\u00edan las horas y las plazas comprometidas, y se habla de m\u00e1s de siete mil horas. La verdad que son un mont\u00f3n de cursos en diferentes partes de la provincia que no tienen garantizado la continuidad. La Escuela de Artes Visuales y M\u00fasica de Tala no escapa a esta realidad, que claramente tiene que ver con una tendencia de ajuste\u201d, analiza Juan Manuel Borrero, secretario general de la seccional Tala de la Asociaci\u00f3n Gremial del Magisterio de Entre R\u00edos (Agmer).<\/p>\n<p>A\u00fan sin docentes ni divisiones habilitadas, los alumnos igual concurren a clase y eso determina que haya un segundo a\u00f1o con 58 alumnos; un tercer a\u00f1o con 45 alumnos; dos primeros con m\u00e1s de 30. \u201cEn la Escuela de Artes Visuales tenemos aulas muy chicas. Se produce un hacinamiento infernal, que obviamente atenta directamente contra la garant\u00eda de los procesos pedag\u00f3gicos de ense\u00f1anza y aprendizaje dentro del aula\u201d, planta el dirigente.<\/p>\n<p>Las autoridades educativas de Tala fueron a constatar la situaci\u00f3n a la Escela Ces\u00e1reo Quir\u00f3s y derivaron el tema a la Direcci\u00f3n de Educaci\u00f3n Secundaria del Consejo de Educaci\u00f3n. \u201cEsas plazas docentes vienen desde 2019. Es el s\u00e9ptimo a\u00f1o con crecimiento sostenido de la matr\u00edcula. Se ha pedido el pase a planta permanente de esas horas. Si eso sucediese, que siempre depende de una definici\u00f3n obviamente pol\u00edtica, nos ahorrar\u00edamos todos estos conflictos y todos estos problemas y todos estos malestares. Por eso, no solo pedimos la continuidad de esas horas, sino que adem\u00e1s, una vez resuelto esto, tambi\u00e9n pueda intervenir planteando la necesidad de que estas horas finalmente pasen a la planta permanente para dejar de tener este inconveniente\u201d, indic\u00f3 el titular de Agmer Tala.<\/p>\n<p>En Concepci\u00f3n del Uruguay desde hace d\u00edas la comunidad educativa de la Escuela de Educaci\u00f3n de J\u00f3venes y Adultos N\u00b0 12 \u201c25 de Junio\u201d reclama por la continuidad de plazas en 2\u00b0 D y 3 D \u201cpara garantizar el derecho de los estudiantes a continuar con sus estudios y el de los y las docentes a retomar su trabajo\u201d.\u00a0 El planteo fue vehiculizado a trav\u00e9s de la seccional Uruguay de Agmer.<\/p>\n<p>En Paran\u00e1 el problema estall\u00f3 en la Escuela N\u00b0 28 Nuestra Se\u00f1ora de Guadalupe, aunque la viralizaci\u00f3n del reclamo deriv\u00f3 en la r\u00e1pida resoluci\u00f3n.<\/p>\n<p>\u00a0<\/p>\n<p>De la Redacci\u00f3n de Entre R\u00edos Ahora<\/p>\n<p>\u00a0\u00a0 Hay una no decisi\u00f3n. El Consejo General de Educaci\u00f3n de momento no ha resuelto aprobar las horas temporarias en las escuelas de nivel secundario y esa situaci\u00f3n deviene en caos mientras se transita la segunda semana del inicio del ciclolectivo 2025. La no aprobaci\u00f3n de esas horas deriva en que no se garantice la<\/p>","protected":false},"excerpt":{"rendered":"<div class=\"mh-excerpt\"><p>\u200b\u00a0 \u200b\u00a0 \u200b \u00a0 Hay una no decisi\u00f3n. El Consejo General de Educaci\u00f3n de momento no ha resuelto aprobar las horas temporarias en las escuelas <a class=\"mh-excerpt-more\" href=\"https:\/\/fmlibertadfeliciano.com.ar\/?p=3071\" title=\"Aulas superpobladas y docentes en ascuas: malestar en Educaci\u00f3n\">[&#8230;]<\/a><\/p>\n<\/div>","protected":false},"author":1,"featured_media":0,"comment_status":"open","ping_status":"open","sticky":false,"template":"","format":"standard","meta":{"footnotes":""},"categories":[1],"tags":[],"class_list":["post-3071","post","type-post","status-publish","format-standard","hentry","category-sin-categoria"],"_links":{"self":[{"href":"https:\/\/fmlibertadfeliciano.com.ar\/index.php?rest_route=\/wp\/v2\/posts\/3071","targetHints":{"allow":["GET"]}}],"collection":[{"href":"https:\/\/fmlibertadfeliciano.com.ar\/index.php?rest_route=\/wp\/v2\/posts"}],"about":[{"href":"https:\/\/fmlibertadfeliciano.com.ar\/index.php?rest_route=\/wp\/v2\/types\/post"}],"author":[{"embeddable":true,"href":"https:\/\/fmlibertadfeliciano.com.ar\/index.php?rest_route=\/wp\/v2\/users\/1"}],"replies":[{"embeddable":true,"href":"https:\/\/fmlibertadfeliciano.com.ar\/index.php?rest_route=%2Fwp%2Fv2%2Fcomments&post=3071"}],"version-history":[{"count":0,"href":"https:\/\/fmlibertadfeliciano.com.ar\/index.php?rest_route=\/wp\/v2\/posts\/3071\/revisions"}],"wp:attachment":[{"href":"https:\/\/fmlibertadfeliciano.com.ar\/index.php?rest_route=%2Fwp%2Fv2%2Fmedia&parent=3071"}],"wp:term":[{"taxonomy":"category","embeddable":true,"href":"https:\/\/fmlibertadfeliciano.com.ar\/index.php?rest_route=%2Fwp%2Fv2%2Fcategories&post=3071"},{"taxonomy":"post_tag","embeddable":true,"href":"https:\/\/fmlibertadfeliciano.com.ar\/index.php?rest_route=%2Fwp%2Fv2%2Ftags&post=3071"}],"curies":[{"name":"wp","href":"https:\/\/api.w.org\/{rel}","templated":true}]}}