{"id":3072,"date":"2026-03-11T13:47:20","date_gmt":"2026-03-11T13:47:20","guid":{"rendered":"https:\/\/fmlibertadfeliciano.com.ar\/?p=3072"},"modified":"2026-03-11T13:47:20","modified_gmt":"2026-03-11T13:47:20","slug":"entre-rios-se-presento-en-expoagro-con-creditos-al-campo-y-promocion-de-sus-sectores-productivos","status":"publish","type":"post","link":"https:\/\/fmlibertadfeliciano.com.ar\/?p=3072","title":{"rendered":"Entre R\u00edos se present\u00f3 en Expoagro con cr\u00e9ditos al campo y promoci\u00f3n de sus sectores productivos"},"content":{"rendered":"<p>\u200b\u00a0<\/p>\n<p>\u200b\u00a0<\/p>\n<p>\u200b<img loading=\"lazy\" decoding=\"async\" width=\"300\" height=\"200\" src=\"https:\/\/www.eldiario.com.ar\/wp-content\/uploads\/2026\/03\/image-22-20x13.jpeg\" class=\"webfeedsFeaturedVisual jl-lazyload lazyload wp-post-image\" alt=\"\" data-src=\"https:\/\/www.eldiario.com.ar\/wp-content\/uploads\/2026\/03\/image-22-300x200.jpeg\" \/><\/p>\n<hr class=\"wp-block-separator has-alpha-channel-opacity\" \/>\n<hr class=\"wp-block-separator has-alpha-channel-opacity\" \/>\n<p>Comenz\u00f3 la mayor muestra agroindustrial de Am\u00e9rica Latina, este martes en San Nicol\u00e1s, y la provincia da cuenta de su potencial a trav\u00e9s de la presencia de unas 30 empresas.\u00a0<\/p>\n<figure class=\"wp-block-image size-large\"><img loading=\"lazy\" decoding=\"async\" width=\"1024\" height=\"683\" src=\"https:\/\/www.eldiario.com.ar\/wp-content\/uploads\/2026\/03\/image-22-1024x683.jpeg\" alt=\"\" class=\"wp-image-483572\" \/><\/figure>\n<p><a href=\"https:\/\/web.whatsapp.com\/send?text=Entre%20R%C3%ADos%20se%20present%C3%B3%20en%20Expoagro%20con%20cr%C3%A9ditos%20al%20campo%20y%20promoci%C3%B3n%20de%20sus%20sectores%20productivos%20%20-%20https%3A%2F%2Fportal.entrerios.gov.ar%2Fnoticias%2F49654\" target=\"_blank\" rel=\"noreferrer noopener\"><\/a><a href=\"https:\/\/twitter.com\/intent\/tweet?text=Entre%20R%C3%ADos%20se%20present%C3%B3%20en%20Expoagro%20con%20cr%C3%A9ditos%20al%20campo%20y%20promoci%C3%B3n%20de%20sus%20sectores%20productivos&amp;url=https%3A%2F%2Fportal.entrerios.gov.ar%2Fnoticias%2F49654\" target=\"_blank\" rel=\"noreferrer noopener\"><\/a><a href=\"https:\/\/www.facebook.com\/sharer\/sharer.php?u=https:\/\/portal.entrerios.gov.ar\/noticias\/49654\" target=\"_blank\" rel=\"noreferrer noopener\"><\/a><\/p>\n<p>\u201cLa agenda es intensa y esta muestra en particular es un excelente \u00e1mbito para generar oportunidades de negocios. Nuestro rol, como Estado, es acompa\u00f1ar ese proceso\u201d, subray\u00f3 el ministro de Desarrollo Econ\u00f3mico, Guillermo Bernaudo, al cabo de la jornada inaugural.\u00a0<\/p>\n<p>Sum\u00f3 que \u201cel gobernador nos impulsa a trabajar en la generaci\u00f3n de empleo privado de calidad y en eso estamos todos los d\u00edas\u201d, y se\u00f1al\u00f3: \u201cA partir de esa idea Rogelio Frigerio logr\u00f3 los acuerdos necesarios con el Banco de Inversi\u00f3n y Comercio Exterior y el Banco de la Naci\u00f3n Argentina para que productores y micro, peque\u00f1as y medianas empresas radicadas en la provincia, puedan acceder a financiamiento conveniente\u201d.<\/p>\n<p>El ministro anticip\u00f3 que sobre el mediod\u00eda de este mi\u00e9rcoles se presentar\u00e1, en el stand de Entre R\u00edos, el Registro Digital de Operadores de Fitosanitarios, \u201cque implica, -dijo\u2013 una acci\u00f3n concreta en el plan de despapelizaci\u00f3n, a la vez que da seguridad y mayor control sobre el uso y manejo de los insumos\u201d. En ese marco, junto a INTA tambi\u00e9n se anunciar\u00e1 el laboratorio regional para identificaci\u00f3n de la presencia de chicharrita, plaga que afecta el cultivo de ma\u00edz.<\/p>\n<p>Este martes las conferencias se orientaron a poner en valor el ambiente y los recursos naturales, tal el caso de los pastizales, los yacimientos bioenerg\u00e9ticos; y la intensificaci\u00f3n sustentable en monte nativo. M\u00e1s tarde se dio cuenta del residuo al activo clim\u00e1tico a trav\u00e9s del modelo de innovaci\u00f3n Tupana. Otro de los t\u00f3picos fue la ganader\u00eda regenerativa; producci\u00f3n, rentabilidad y suelo vivo. Se sum\u00f3 la propuesta para el departamento de Concordia de econom\u00eda circular; y la experiencia del Potrero de San Lorenzo. El cierre fue sobre las buenas pr\u00e1cticas orientadas a la agricultura sustentable.<\/p>\n<p>\u00a0Comenz\u00f3 la mayor muestra agroindustrial de Am\u00e9rica Latina, este martes en San Nicol\u00e1s, y la provincia da cuenta de su potencial a trav\u00e9s de la presencia de unas 30 empresas.\u00a0 \u201cLa agenda es intensa y esta muestra en particular es un excelente \u00e1mbito para generar oportunidades de negocios. Nuestro rol, como Estado, es acompa\u00f1ar ese<\/p>","protected":false},"excerpt":{"rendered":"<div class=\"mh-excerpt\"><p>\u200b\u00a0 \u200b\u00a0 \u200b Comenz\u00f3 la mayor muestra agroindustrial de Am\u00e9rica Latina, este martes en San Nicol\u00e1s, y la provincia da cuenta de su potencial a <a class=\"mh-excerpt-more\" href=\"https:\/\/fmlibertadfeliciano.com.ar\/?p=3072\" title=\"Entre R\u00edos se present\u00f3 en Expoagro con cr\u00e9ditos al campo y promoci\u00f3n de sus sectores productivos\">[&#8230;]<\/a><\/p>\n<\/div>","protected":false},"author":1,"featured_media":3073,"comment_status":"open","ping_status":"open","sticky":false,"template":"","format":"standard","meta":{"footnotes":""},"categories":[1],"tags":[],"class_list":["post-3072","post","type-post","status-publish","format-standard","has-post-thumbnail","hentry","category-sin-categoria"],"_links":{"self":[{"href":"https:\/\/fmlibertadfeliciano.com.ar\/index.php?rest_route=\/wp\/v2\/posts\/3072","targetHints":{"allow":["GET"]}}],"collection":[{"href":"https:\/\/fmlibertadfeliciano.com.ar\/index.php?rest_route=\/wp\/v2\/posts"}],"about":[{"href":"https:\/\/fmlibertadfeliciano.com.ar\/index.php?rest_route=\/wp\/v2\/types\/post"}],"author":[{"embeddable":true,"href":"https:\/\/fmlibertadfeliciano.com.ar\/index.php?rest_route=\/wp\/v2\/users\/1"}],"replies":[{"embeddable":true,"href":"https:\/\/fmlibertadfeliciano.com.ar\/index.php?rest_route=%2Fwp%2Fv2%2Fcomments&post=3072"}],"version-history":[{"count":0,"href":"https:\/\/fmlibertadfeliciano.com.ar\/index.php?rest_route=\/wp\/v2\/posts\/3072\/revisions"}],"wp:featuredmedia":[{"embeddable":true,"href":"https:\/\/fmlibertadfeliciano.com.ar\/index.php?rest_route=\/wp\/v2\/media\/3073"}],"wp:attachment":[{"href":"https:\/\/fmlibertadfeliciano.com.ar\/index.php?rest_route=%2Fwp%2Fv2%2Fmedia&parent=3072"}],"wp:term":[{"taxonomy":"category","embeddable":true,"href":"https:\/\/fmlibertadfeliciano.com.ar\/index.php?rest_route=%2Fwp%2Fv2%2Fcategories&post=3072"},{"taxonomy":"post_tag","embeddable":true,"href":"https:\/\/fmlibertadfeliciano.com.ar\/index.php?rest_route=%2Fwp%2Fv2%2Ftags&post=3072"}],"curies":[{"name":"wp","href":"https:\/\/api.w.org\/{rel}","templated":true}]}}