{"id":3074,"date":"2026-03-11T13:44:41","date_gmt":"2026-03-11T13:44:41","guid":{"rendered":"https:\/\/fmlibertadfeliciano.com.ar\/?p=3074"},"modified":"2026-03-11T13:44:41","modified_gmt":"2026-03-11T13:44:41","slug":"el-gobernador-encabezo-una-reunion-con-legisladores-para-avanzar-en-una-reforma-previsional","status":"publish","type":"post","link":"https:\/\/fmlibertadfeliciano.com.ar\/?p=3074","title":{"rendered":"El gobernador encabez\u00f3 una reuni\u00f3n con legisladores para avanzar en una reforma previsional"},"content":{"rendered":"<p>\u200b\u00a0<\/p>\n<p>\u200b\u00a0<\/p>\n<p>\u200b<img loading=\"lazy\" decoding=\"async\" width=\"300\" height=\"200\" src=\"https:\/\/www.eldiario.com.ar\/wp-content\/uploads\/2026\/03\/image-21-20x13.jpeg\" class=\"webfeedsFeaturedVisual jl-lazyload lazyload wp-post-image\" alt=\"\" data-src=\"https:\/\/www.eldiario.com.ar\/wp-content\/uploads\/2026\/03\/image-21-300x200.jpeg\" \/><\/p>\n<hr class=\"wp-block-separator has-alpha-channel-opacity\" \/>\n<p>El gobernador Rogelio Frigerio encabez\u00f3 este martes un encuentro con legisladores de ambas c\u00e1maras para analizar la situaci\u00f3n del sistema previsional de Entre R\u00edos y avanzar en los lineamientos de una futura reforma.<\/p>\n<figure class=\"wp-block-image size-large\"><img loading=\"lazy\" decoding=\"async\" width=\"1024\" height=\"681\" src=\"https:\/\/www.eldiario.com.ar\/wp-content\/uploads\/2026\/03\/image-21-1024x681.jpeg\" alt=\"\" class=\"wp-image-483569\" \/><\/figure>\n<p><a href=\"https:\/\/web.whatsapp.com\/send?text=El%20gobernador%20encabez%C3%B3%20una%20reuni%C3%B3n%20con%20legisladores%20para%20avanzar%20en%20una%20reforma%20previsional%20%20-%20https%3A%2F%2Fportal.entrerios.gov.ar%2Fnoticias%2F49655\" target=\"_blank\" rel=\"noreferrer noopener\"><\/a><a href=\"https:\/\/twitter.com\/intent\/tweet?text=El%20gobernador%20encabez%C3%B3%20una%20reuni%C3%B3n%20con%20legisladores%20para%20avanzar%20en%20una%20reforma%20previsional&amp;url=https%3A%2F%2Fportal.entrerios.gov.ar%2Fnoticias%2F49655\" target=\"_blank\" rel=\"noreferrer noopener\"><\/a><a href=\"https:\/\/www.facebook.com\/sharer\/sharer.php?u=https:\/\/portal.entrerios.gov.ar\/noticias\/49655\" target=\"_blank\" rel=\"noreferrer noopener\"><\/a><\/p>\n<p>La presentaci\u00f3n se realiz\u00f3 en el Centro Provincial de Convenciones (CPC) de Paran\u00e1 y cont\u00f3 con la participaci\u00f3n de la vicegobernadora Alicia Aluani; el presidente de la C\u00e1mara de Diputados, Gustavo Hein; senadores, diputados y ministros del gabinete provincial.<\/p>\n<p>Durante la reuni\u00f3n, el presidente de la Caja de Jubilaciones y Pensiones de Entre R\u00edos, Gast\u00f3n Bagnat, expuso los principales ejes del borrador que el Ejecutivo trabaja para transformar en un proyecto de ley de reforma previsional.<\/p>\n<p>Bagnat explic\u00f3 que el encuentro form\u00f3 parte de una serie de instancias de di\u00e1logo que el gobierno provincial viene desarrollando con distintos sectores. \u201cCumpliendo con el cronograma que se hab\u00eda anunciado, estaba pendiente esta reuni\u00f3n con legisladores oficialistas y de la oposici\u00f3n, tal cual hicimos con los gremios. Les acercamos en primera persona los principales pilares del borrador que apunta a transformarse en proyecto y ser la reforma previsional tan postergada y que el gobernador ha decidido no posponer m\u00e1s\u201d, se\u00f1al\u00f3.<\/p>\n<p>En ese sentido, destac\u00f3 el intercambio que se gener\u00f3 durante la jornada. \u201cSe dio un muy buen momento de intercambio de ideas sobre los vectores y los ejes de la reforma. Esto consolida la vocaci\u00f3n de que se trata de algo trascendental para el Estado: es una pol\u00edtica p\u00fablica de largo plazo que merece el mayor consenso posible y el mayor intercambio de informaci\u00f3n y di\u00e1logo\u201d, afirm\u00f3.<\/p>\n<p>El funcionario remarc\u00f3 que el objetivo es construir una norma s\u00f3lida que permita fortalecer el sistema en el tiempo. \u201cLa ley que resulte de este proceso tiene que ser lo m\u00e1s completa posible, pensando en que empiece a beneficiar al sistema dentro de algunos a\u00f1os\u201d, indic\u00f3.<\/p>\n<p>Finalmente, Bagnat adelant\u00f3 que en los pr\u00f3ximos d\u00edas los legisladores recibir\u00e1n el borrador del proyecto. \u201cAl igual que con los gremios, esta semana estar\u00e1 llegando el borrador para que puedan ver el articulado. La puerta queda abierta para todas las devoluciones, sugerencias o medidas alternativas que puedan surgir, que ser\u00e1n bienvenidas para tenerlas en cuenta en este proceso que culminar\u00e1 con la presentaci\u00f3n del proyecto de ley para la reforma del sistema jubilatorio\u201d, concluy\u00f3.<\/p>\n<p>\u00a0El gobernador Rogelio Frigerio encabez\u00f3 este martes un encuentro con legisladores de ambas c\u00e1maras para analizar la situaci\u00f3n del sistema previsional de Entre R\u00edos y avanzar en los lineamientos de una futura reforma. La presentaci\u00f3n se realiz\u00f3 en el Centro Provincial de Convenciones (CPC) de Paran\u00e1 y cont\u00f3 con la participaci\u00f3n de la vicegobernadora Alicia<\/p>","protected":false},"excerpt":{"rendered":"<div class=\"mh-excerpt\"><p>\u200b\u00a0 \u200b\u00a0 \u200b El gobernador Rogelio Frigerio encabez\u00f3 este martes un encuentro con legisladores de ambas c\u00e1maras para analizar la situaci\u00f3n del sistema previsional de <a class=\"mh-excerpt-more\" href=\"https:\/\/fmlibertadfeliciano.com.ar\/?p=3074\" title=\"El gobernador encabez\u00f3 una reuni\u00f3n con legisladores para avanzar en una reforma previsional\">[&#8230;]<\/a><\/p>\n<\/div>","protected":false},"author":1,"featured_media":3075,"comment_status":"open","ping_status":"open","sticky":false,"template":"","format":"standard","meta":{"footnotes":""},"categories":[1],"tags":[],"class_list":["post-3074","post","type-post","status-publish","format-standard","has-post-thumbnail","hentry","category-sin-categoria"],"_links":{"self":[{"href":"https:\/\/fmlibertadfeliciano.com.ar\/index.php?rest_route=\/wp\/v2\/posts\/3074","targetHints":{"allow":["GET"]}}],"collection":[{"href":"https:\/\/fmlibertadfeliciano.com.ar\/index.php?rest_route=\/wp\/v2\/posts"}],"about":[{"href":"https:\/\/fmlibertadfeliciano.com.ar\/index.php?rest_route=\/wp\/v2\/types\/post"}],"author":[{"embeddable":true,"href":"https:\/\/fmlibertadfeliciano.com.ar\/index.php?rest_route=\/wp\/v2\/users\/1"}],"replies":[{"embeddable":true,"href":"https:\/\/fmlibertadfeliciano.com.ar\/index.php?rest_route=%2Fwp%2Fv2%2Fcomments&post=3074"}],"version-history":[{"count":0,"href":"https:\/\/fmlibertadfeliciano.com.ar\/index.php?rest_route=\/wp\/v2\/posts\/3074\/revisions"}],"wp:featuredmedia":[{"embeddable":true,"href":"https:\/\/fmlibertadfeliciano.com.ar\/index.php?rest_route=\/wp\/v2\/media\/3075"}],"wp:attachment":[{"href":"https:\/\/fmlibertadfeliciano.com.ar\/index.php?rest_route=%2Fwp%2Fv2%2Fmedia&parent=3074"}],"wp:term":[{"taxonomy":"category","embeddable":true,"href":"https:\/\/fmlibertadfeliciano.com.ar\/index.php?rest_route=%2Fwp%2Fv2%2Fcategories&post=3074"},{"taxonomy":"post_tag","embeddable":true,"href":"https:\/\/fmlibertadfeliciano.com.ar\/index.php?rest_route=%2Fwp%2Fv2%2Ftags&post=3074"}],"curies":[{"name":"wp","href":"https:\/\/api.w.org\/{rel}","templated":true}]}}