{"id":3076,"date":"2026-03-11T11:52:06","date_gmt":"2026-03-11T11:52:06","guid":{"rendered":"https:\/\/fmlibertadfeliciano.com.ar\/?p=3076"},"modified":"2026-03-11T11:52:06","modified_gmt":"2026-03-11T11:52:06","slug":"el-gobierno-cambia-el-mecanismo-de-actualizacion-de-la-tarifa-de-gas","status":"publish","type":"post","link":"https:\/\/fmlibertadfeliciano.com.ar\/?p=3076","title":{"rendered":"El Gobierno cambia el mecanismo de actualizaci\u00f3n de la tarifa de gas"},"content":{"rendered":"<p>\u200b\u00a0<\/p>\n<p>\u200b\u00a0<\/p>\n<p>\u200b<\/p>\n<figure>\n                        <img decoding=\"async\" src=\"https:\/\/apfdigital-s3.cdn.net.ar\/s3i233\/2026\/03\/apfdigital\/images\/02\/50\/58\/2505803_3de54fb9c75f5d1026b272a3e2fba26db16d68771e66bcf6386df99368154934\/md.webp\" alt=\"gas\" class=\"type:primaryImage\" \/><figcaption><\/figcaption><\/figure>\n<p>\u00a0A trav\u00e9s de una resoluci\u00f3n publicada en el Bolet\u00edn Oficial, la Secretar\u00eda de Energ\u00eda del Ministerio de Econom\u00eda restableci\u00f3 los per\u00edodos estacionales para actualizar el precio del gas en las tarifas: invierno del 1 de mayo al 30 de septiembre y verano del 1 de octubre al 30 de abril.<\/p>","protected":false},"excerpt":{"rendered":"<div class=\"mh-excerpt\"><p>\u200b\u00a0 \u200b\u00a0 \u200b \u00a0A trav\u00e9s de una resoluci\u00f3n publicada en el Bolet\u00edn Oficial, la Secretar\u00eda de Energ\u00eda del Ministerio de Econom\u00eda restableci\u00f3 los per\u00edodos estacionales <a class=\"mh-excerpt-more\" href=\"https:\/\/fmlibertadfeliciano.com.ar\/?p=3076\" title=\"El Gobierno cambia el mecanismo de actualizaci\u00f3n de la tarifa de gas\">[&#8230;]<\/a><\/p>\n<\/div>","protected":false},"author":1,"featured_media":3077,"comment_status":"open","ping_status":"open","sticky":false,"template":"","format":"standard","meta":{"footnotes":""},"categories":[1],"tags":[],"class_list":["post-3076","post","type-post","status-publish","format-standard","has-post-thumbnail","hentry","category-sin-categoria"],"_links":{"self":[{"href":"https:\/\/fmlibertadfeliciano.com.ar\/index.php?rest_route=\/wp\/v2\/posts\/3076","targetHints":{"allow":["GET"]}}],"collection":[{"href":"https:\/\/fmlibertadfeliciano.com.ar\/index.php?rest_route=\/wp\/v2\/posts"}],"about":[{"href":"https:\/\/fmlibertadfeliciano.com.ar\/index.php?rest_route=\/wp\/v2\/types\/post"}],"author":[{"embeddable":true,"href":"https:\/\/fmlibertadfeliciano.com.ar\/index.php?rest_route=\/wp\/v2\/users\/1"}],"replies":[{"embeddable":true,"href":"https:\/\/fmlibertadfeliciano.com.ar\/index.php?rest_route=%2Fwp%2Fv2%2Fcomments&post=3076"}],"version-history":[{"count":0,"href":"https:\/\/fmlibertadfeliciano.com.ar\/index.php?rest_route=\/wp\/v2\/posts\/3076\/revisions"}],"wp:featuredmedia":[{"embeddable":true,"href":"https:\/\/fmlibertadfeliciano.com.ar\/index.php?rest_route=\/wp\/v2\/media\/3077"}],"wp:attachment":[{"href":"https:\/\/fmlibertadfeliciano.com.ar\/index.php?rest_route=%2Fwp%2Fv2%2Fmedia&parent=3076"}],"wp:term":[{"taxonomy":"category","embeddable":true,"href":"https:\/\/fmlibertadfeliciano.com.ar\/index.php?rest_route=%2Fwp%2Fv2%2Fcategories&post=3076"},{"taxonomy":"post_tag","embeddable":true,"href":"https:\/\/fmlibertadfeliciano.com.ar\/index.php?rest_route=%2Fwp%2Fv2%2Ftags&post=3076"}],"curies":[{"name":"wp","href":"https:\/\/api.w.org\/{rel}","templated":true}]}}