{"id":3078,"date":"2026-03-12T13:56:59","date_gmt":"2026-03-12T13:56:59","guid":{"rendered":"https:\/\/fmlibertadfeliciano.com.ar\/?p=3078"},"modified":"2026-03-12T13:56:59","modified_gmt":"2026-03-12T13:56:59","slug":"atilio-benedetti-presidira-ad-honorem-el-ente-region-centro-e-integracion-regional","status":"publish","type":"post","link":"https:\/\/fmlibertadfeliciano.com.ar\/?p=3078","title":{"rendered":"Atilio Benedetti presidir\u00e1 ad honorem el Ente Regi\u00f3n Centro e Integraci\u00f3n Regional"},"content":{"rendered":"<p>\u200b\u00a0<\/p>\n<p>\u200b\u00a0<\/p>\n<p>\u200b<img loading=\"lazy\" decoding=\"async\" width=\"300\" height=\"200\" src=\"https:\/\/www.eldiario.com.ar\/wp-content\/uploads\/2026\/03\/image-25-20x13.jpeg\" class=\"webfeedsFeaturedVisual jl-lazyload lazyload wp-post-image\" alt=\"\" data-src=\"https:\/\/www.eldiario.com.ar\/wp-content\/uploads\/2026\/03\/image-25-300x200.jpeg\" \/><\/p>\n<hr class=\"wp-block-separator has-alpha-channel-opacity\" \/>\n<p>El ex diputado nacional Atilio Benedetti fue designado con car\u00e1cter ad honorem, presidente del Ente Regi\u00f3n Centro e Integraci\u00f3n Regional, mediante decreto 538. El nuevo funcionario agradeci\u00f3 al gobernador Rogelio Frigerio la convocatoria y destac\u00f3 la importancia de fortalecer el trabajo conjunto de Entre R\u00edos con las provincias que conforman la Regi\u00f3n Centro y la Regi\u00f3n Litoral.\u00a0<\/p>\n<figure class=\"wp-block-image size-large\"><img loading=\"lazy\" decoding=\"async\" width=\"1024\" height=\"683\" src=\"https:\/\/www.eldiario.com.ar\/wp-content\/uploads\/2026\/03\/image-25-1024x683.jpeg\" alt=\"\" class=\"wp-image-483585\" \/><\/figure>\n<p><a href=\"https:\/\/web.whatsapp.com\/send?text=Atilio%20Benedetti%20presidir%C3%A1%20ad%20honorem%20el%20Ente%20Regi%C3%B3n%20Centro%20e%20Integraci%C3%B3n%20Regional%20%20-%20https%3A%2F%2Fportal.entrerios.gov.ar%2Fnoticias%2F49690\" target=\"_blank\" rel=\"noreferrer noopener\"><\/a><a href=\"https:\/\/twitter.com\/intent\/tweet?text=Atilio%20Benedetti%20presidir%C3%A1%20ad%20honorem%20el%20Ente%20Regi%C3%B3n%20Centro%20e%20Integraci%C3%B3n%20Regional&amp;url=https%3A%2F%2Fportal.entrerios.gov.ar%2Fnoticias%2F49690\" target=\"_blank\" rel=\"noreferrer noopener\"><\/a><a href=\"https:\/\/www.facebook.com\/sharer\/sharer.php?u=https:\/\/portal.entrerios.gov.ar\/noticias\/49690\" target=\"_blank\" rel=\"noreferrer noopener\"><\/a><\/p>\n<p>\u201cEs un honor representar a Entre R\u00edos en su pol\u00edtica de integraci\u00f3n regional\u201d, sostuvo Benedetti y destac\u00f3 que la Regi\u00f3n Centro \u201cre\u00fane a tres provincias con enorme capacidad productiva y un fuerte compromiso con el desarrollo federal de la Argentina\u201d, en tanto que \u201cla Regi\u00f3n Litoral es un paso m\u00e1s reciente pero clave de cara al futuro del pa\u00eds\u201d.<\/p>\n<p>El nuevo presidente del Ente remarc\u00f3 que la integraci\u00f3n con las provincias vecinas constituye \u201cuna herramienta estrat\u00e9gica para impulsar pol\u00edticas comunes en \u00e1reas clave como la producci\u00f3n, la infraestructura, la log\u00edstica y la innovaci\u00f3n que generen nuevas oportunidades para nuestras econom\u00edas regionales y cadenas de valor\u201d.<\/p>\n<p>\u201cVamos a seguir trabajando para que tanto la Regi\u00f3n Centro como la Regi\u00f3n Litoral sean cada vez m\u00e1s espacios de cooperaci\u00f3n y desarrollo, que permitan potenciar nuestras capacidades productivas y hacer o\u00edr con m\u00e1s fuerza la voz del interior en la Argentina\u201d, concluy\u00f3 Benedetti.<\/p>\n<p>\u00a0El ex diputado nacional Atilio Benedetti fue designado con car\u00e1cter ad honorem, presidente del Ente Regi\u00f3n Centro e Integraci\u00f3n Regional, mediante decreto 538. El nuevo funcionario agradeci\u00f3 al gobernador Rogelio Frigerio la convocatoria y destac\u00f3 la importancia de fortalecer el trabajo conjunto de Entre R\u00edos con las provincias que conforman la Regi\u00f3n Centro y la<\/p>","protected":false},"excerpt":{"rendered":"<div class=\"mh-excerpt\"><p>\u200b\u00a0 \u200b\u00a0 \u200b El ex diputado nacional Atilio Benedetti fue designado con car\u00e1cter ad honorem, presidente del Ente Regi\u00f3n Centro e Integraci\u00f3n Regional, mediante decreto <a class=\"mh-excerpt-more\" href=\"https:\/\/fmlibertadfeliciano.com.ar\/?p=3078\" title=\"Atilio Benedetti presidir\u00e1 ad honorem el Ente Regi\u00f3n Centro e Integraci\u00f3n Regional\">[&#8230;]<\/a><\/p>\n<\/div>","protected":false},"author":1,"featured_media":3079,"comment_status":"open","ping_status":"open","sticky":false,"template":"","format":"standard","meta":{"footnotes":""},"categories":[1],"tags":[],"class_list":["post-3078","post","type-post","status-publish","format-standard","has-post-thumbnail","hentry","category-sin-categoria"],"_links":{"self":[{"href":"https:\/\/fmlibertadfeliciano.com.ar\/index.php?rest_route=\/wp\/v2\/posts\/3078","targetHints":{"allow":["GET"]}}],"collection":[{"href":"https:\/\/fmlibertadfeliciano.com.ar\/index.php?rest_route=\/wp\/v2\/posts"}],"about":[{"href":"https:\/\/fmlibertadfeliciano.com.ar\/index.php?rest_route=\/wp\/v2\/types\/post"}],"author":[{"embeddable":true,"href":"https:\/\/fmlibertadfeliciano.com.ar\/index.php?rest_route=\/wp\/v2\/users\/1"}],"replies":[{"embeddable":true,"href":"https:\/\/fmlibertadfeliciano.com.ar\/index.php?rest_route=%2Fwp%2Fv2%2Fcomments&post=3078"}],"version-history":[{"count":0,"href":"https:\/\/fmlibertadfeliciano.com.ar\/index.php?rest_route=\/wp\/v2\/posts\/3078\/revisions"}],"wp:featuredmedia":[{"embeddable":true,"href":"https:\/\/fmlibertadfeliciano.com.ar\/index.php?rest_route=\/wp\/v2\/media\/3079"}],"wp:attachment":[{"href":"https:\/\/fmlibertadfeliciano.com.ar\/index.php?rest_route=%2Fwp%2Fv2%2Fmedia&parent=3078"}],"wp:term":[{"taxonomy":"category","embeddable":true,"href":"https:\/\/fmlibertadfeliciano.com.ar\/index.php?rest_route=%2Fwp%2Fv2%2Fcategories&post=3078"},{"taxonomy":"post_tag","embeddable":true,"href":"https:\/\/fmlibertadfeliciano.com.ar\/index.php?rest_route=%2Fwp%2Fv2%2Ftags&post=3078"}],"curies":[{"name":"wp","href":"https:\/\/api.w.org\/{rel}","templated":true}]}}