{"id":3083,"date":"2026-03-12T13:21:43","date_gmt":"2026-03-12T13:21:43","guid":{"rendered":"https:\/\/fmlibertadfeliciano.com.ar\/?p=3083"},"modified":"2026-03-12T13:21:43","modified_gmt":"2026-03-12T13:21:43","slug":"roberto-baradel-no-ira-por-un-nuevo-mandato-y-dejara-la-conduccion-del-suteba-tras-20-anos","status":"publish","type":"post","link":"https:\/\/fmlibertadfeliciano.com.ar\/?p=3083","title":{"rendered":"Roberto Baradel no ir\u00e1 por un nuevo mandato y dejar\u00e1 la conducci\u00f3n del Suteba tras 20 a\u00f1os"},"content":{"rendered":"<p>\u200b\u00a0<\/p>\n<p>\u200b\u00a0<\/p>\n<p>\u200b<\/p>\n<figure>\n                        <img decoding=\"async\" src=\"https:\/\/apfdigital-s3.cdn.net.ar\/s3i233\/2026\/03\/apfdigital\/images\/02\/50\/75\/2507528_3f0dba114251a7e7692315e14a330216b5ca8f0ec81d29b90fbb8e2eca783ea9\/md.webp\" alt=\"\" class=\"type:primaryImage\" \/><figcaption><\/figcaption><\/figure>\n<p>\u00a0La determinaci\u00f3n se comunic\u00f3 en un plenario del Sindicato Unificado de Trabajadores de la Educaci\u00f3n de la Provincia de Buenos Aires (Suteba). Tras algo m\u00e1s de 20 a\u00f1os, Roberto Baradel no buscar\u00e1 la reelecci\u00f3n al frente del gremio docente m\u00e1s importante de Buenos Aires y el m\u00e1s numeroso del pa\u00eds. Lo reemplazar\u00e1 Mar\u00eda Laura Torre. No dejar\u00e1 su lugar en las centrales.<\/p>","protected":false},"excerpt":{"rendered":"<div class=\"mh-excerpt\"><p>\u200b\u00a0 \u200b\u00a0 \u200b \u00a0La determinaci\u00f3n se comunic\u00f3 en un plenario del Sindicato Unificado de Trabajadores de la Educaci\u00f3n de la Provincia de Buenos Aires (Suteba). <a class=\"mh-excerpt-more\" href=\"https:\/\/fmlibertadfeliciano.com.ar\/?p=3083\" title=\"Roberto Baradel no ir\u00e1 por un nuevo mandato y dejar\u00e1 la conducci\u00f3n del Suteba tras 20 a\u00f1os\">[&#8230;]<\/a><\/p>\n<\/div>","protected":false},"author":1,"featured_media":3084,"comment_status":"open","ping_status":"open","sticky":false,"template":"","format":"standard","meta":{"footnotes":""},"categories":[1],"tags":[],"class_list":["post-3083","post","type-post","status-publish","format-standard","has-post-thumbnail","hentry","category-sin-categoria"],"_links":{"self":[{"href":"https:\/\/fmlibertadfeliciano.com.ar\/index.php?rest_route=\/wp\/v2\/posts\/3083","targetHints":{"allow":["GET"]}}],"collection":[{"href":"https:\/\/fmlibertadfeliciano.com.ar\/index.php?rest_route=\/wp\/v2\/posts"}],"about":[{"href":"https:\/\/fmlibertadfeliciano.com.ar\/index.php?rest_route=\/wp\/v2\/types\/post"}],"author":[{"embeddable":true,"href":"https:\/\/fmlibertadfeliciano.com.ar\/index.php?rest_route=\/wp\/v2\/users\/1"}],"replies":[{"embeddable":true,"href":"https:\/\/fmlibertadfeliciano.com.ar\/index.php?rest_route=%2Fwp%2Fv2%2Fcomments&post=3083"}],"version-history":[{"count":0,"href":"https:\/\/fmlibertadfeliciano.com.ar\/index.php?rest_route=\/wp\/v2\/posts\/3083\/revisions"}],"wp:featuredmedia":[{"embeddable":true,"href":"https:\/\/fmlibertadfeliciano.com.ar\/index.php?rest_route=\/wp\/v2\/media\/3084"}],"wp:attachment":[{"href":"https:\/\/fmlibertadfeliciano.com.ar\/index.php?rest_route=%2Fwp%2Fv2%2Fmedia&parent=3083"}],"wp:term":[{"taxonomy":"category","embeddable":true,"href":"https:\/\/fmlibertadfeliciano.com.ar\/index.php?rest_route=%2Fwp%2Fv2%2Fcategories&post=3083"},{"taxonomy":"post_tag","embeddable":true,"href":"https:\/\/fmlibertadfeliciano.com.ar\/index.php?rest_route=%2Fwp%2Fv2%2Ftags&post=3083"}],"curies":[{"name":"wp","href":"https:\/\/api.w.org\/{rel}","templated":true}]}}