{"id":3085,"date":"2026-03-12T13:12:27","date_gmt":"2026-03-12T13:12:27","guid":{"rendered":"https:\/\/fmlibertadfeliciano.com.ar\/?p=3085"},"modified":"2026-03-12T13:12:27","modified_gmt":"2026-03-12T13:12:27","slug":"consultoras-preven-un-indice-de-inflacion-entre-27-y-29-que-anticipa-cuanto-aumentarian-jubilaciones-y-asignaciones","status":"publish","type":"post","link":"https:\/\/fmlibertadfeliciano.com.ar\/?p=3085","title":{"rendered":"Consultoras prev\u00e9n un \u00edndice de inflaci\u00f3n entre 2,7 y 2,9 que anticipa cu\u00e1nto aumentar\u00edan jubilaciones y asignaciones"},"content":{"rendered":"<p>\u200b\u00a0<\/p>\n<p>\u200b\u00a0<\/p>\n<p>\u200b<\/p>\n<figure>\n                        <img decoding=\"async\" src=\"https:\/\/apfdigital-s3.cdn.net.ar\/s3i233\/2024\/08\/apfdigital\/images\/96\/84\/968437_8d157896594b123dbeba41d5d2b4cb18744a981e300806bc53b0346a98c8f28d\/md.webp\" alt=\"\" class=\"type:primaryImage\" \/><figcaption><\/figcaption><\/figure>\n<p>\u00a0Miles de jubilados y beneficiarios de asignaciones sociales esperan conocer este jueves el nuevo aumento que aplicar\u00e1 el Gobierno en abril. El ajuste depende del \u00edndice de inflaci\u00f3n correspondiente a febrero. La inflaci\u00f3n de febrero se conocer\u00e1 este jueves 12 de marzo a las 16.<\/p>","protected":false},"excerpt":{"rendered":"<div class=\"mh-excerpt\"><p>\u200b\u00a0 \u200b\u00a0 \u200b \u00a0Miles de jubilados y beneficiarios de asignaciones sociales esperan conocer este jueves el nuevo aumento que aplicar\u00e1 el Gobierno en abril. El <a class=\"mh-excerpt-more\" href=\"https:\/\/fmlibertadfeliciano.com.ar\/?p=3085\" title=\"Consultoras prev\u00e9n un \u00edndice de inflaci\u00f3n entre 2,7 y 2,9 que anticipa cu\u00e1nto aumentar\u00edan jubilaciones y asignaciones\">[&#8230;]<\/a><\/p>\n<\/div>","protected":false},"author":1,"featured_media":3086,"comment_status":"open","ping_status":"open","sticky":false,"template":"","format":"standard","meta":{"footnotes":""},"categories":[1],"tags":[],"class_list":["post-3085","post","type-post","status-publish","format-standard","has-post-thumbnail","hentry","category-sin-categoria"],"_links":{"self":[{"href":"https:\/\/fmlibertadfeliciano.com.ar\/index.php?rest_route=\/wp\/v2\/posts\/3085","targetHints":{"allow":["GET"]}}],"collection":[{"href":"https:\/\/fmlibertadfeliciano.com.ar\/index.php?rest_route=\/wp\/v2\/posts"}],"about":[{"href":"https:\/\/fmlibertadfeliciano.com.ar\/index.php?rest_route=\/wp\/v2\/types\/post"}],"author":[{"embeddable":true,"href":"https:\/\/fmlibertadfeliciano.com.ar\/index.php?rest_route=\/wp\/v2\/users\/1"}],"replies":[{"embeddable":true,"href":"https:\/\/fmlibertadfeliciano.com.ar\/index.php?rest_route=%2Fwp%2Fv2%2Fcomments&post=3085"}],"version-history":[{"count":0,"href":"https:\/\/fmlibertadfeliciano.com.ar\/index.php?rest_route=\/wp\/v2\/posts\/3085\/revisions"}],"wp:featuredmedia":[{"embeddable":true,"href":"https:\/\/fmlibertadfeliciano.com.ar\/index.php?rest_route=\/wp\/v2\/media\/3086"}],"wp:attachment":[{"href":"https:\/\/fmlibertadfeliciano.com.ar\/index.php?rest_route=%2Fwp%2Fv2%2Fmedia&parent=3085"}],"wp:term":[{"taxonomy":"category","embeddable":true,"href":"https:\/\/fmlibertadfeliciano.com.ar\/index.php?rest_route=%2Fwp%2Fv2%2Fcategories&post=3085"},{"taxonomy":"post_tag","embeddable":true,"href":"https:\/\/fmlibertadfeliciano.com.ar\/index.php?rest_route=%2Fwp%2Fv2%2Ftags&post=3085"}],"curies":[{"name":"wp","href":"https:\/\/api.w.org\/{rel}","templated":true}]}}