{"id":3093,"date":"2026-03-13T13:04:50","date_gmt":"2026-03-13T13:04:50","guid":{"rendered":"https:\/\/fmlibertadfeliciano.com.ar\/?p=3093"},"modified":"2026-03-13T13:04:50","modified_gmt":"2026-03-13T13:04:50","slug":"que-dice-el-borrador-de-la-reforma-jubilatoria","status":"publish","type":"post","link":"https:\/\/fmlibertadfeliciano.com.ar\/?p=3093","title":{"rendered":"Qu\u00e9 dice el borrador de la reforma jubilatoria"},"content":{"rendered":"<p>\u200b\u00a0<\/p>\n<p>\u200b\u00a0<\/p>\n<p>\u200b<span class=\"cb-itemprop\"><\/span><\/p>\n<p>\u00a0<\/p>\n<p>\u00a0<\/p>\n<p>\u00a0<\/p>\n<p>Este viernes el Gobierno comenz\u00f3 a hacer circular el borrador de la reforma previsional que modificar de forma sensible el texto de la Ley N\u00b0 8.732, que estructura el sistema jubilatorio en Entre R\u00edos.<\/p>\n<p>Aunque previene: \u201cLas disposiciones contenidas en la presente propuesta no afectar\u00e1n derechos adquiridos ni alterar\u00e1n la situaci\u00f3n previsional de quienes ya se encuentran jubilados o pensionados al momento de la sanci\u00f3n de la ley. En todos los casos se garantizar\u00e1 el respeto de las situaciones de revista vigentes y de los bene\ufb01cios ya otorgados, preservando los principios de seguridad jur\u00eddica y protecci\u00f3n de los derechos previsionales consolidados\u201d.<\/p>\n<p>Los puntos centrales de ese borrador son los siguientes:<\/p>\n<p>\u00a0<\/p>\n<ol>\n<li><strong>Haber inicial (82% del bruto)<\/strong><\/li>\n<\/ol>\n<p>Se sostiene el 82% liquidado sobre el bruto del haber. Se toma como base de c\u00e1lculo la historia laboral real del conjunto de haberes de los 30 a\u00f1os de aportes, tomando como metodolog\u00eda la de cargo por antig\u00fcedad a valores actuales.<\/p>\n<p>\u00a0<\/p>\n<p>\u00a0<\/p>\n<ol start=\"2\">\n<li><strong>Reg\u00edmenes especiales<\/strong>: se aplica la actual Ley 8.732. Tendr\u00e1n derecho a la jubilaci\u00f3n ordinaria especial:<\/li>\n<\/ol>\n<ul>\n<li>Los a\ufb01liados con 57 o 53 a\u00f1os de edad, seg\u00fan se trate de varones o mujeres respectivamente y 25 a\u00f1os de servicios:<\/li>\n<\/ul>\n<p>\u00a0<\/p>\n<p>\u25cb\u00a0\u00a0\u00a0\u00a0\u00a0\u00a0 En trato directo y habitual con pacientes de<\/p>\n<p>establecimientos, salas o servicios especialmente destinados a la atenci\u00f3n de las enfermedades mentales o infecto-contagiosas.<\/p>\n<p>\u00a0<\/p>\n<p>\u25cb\u00a0\u00a0\u00a0\u00a0\u00a0\u00a0 En tareas de radiolog\u00eda o radioscopia, expuestos a la acci\u00f3n de sustancias radioactivas.<\/p>\n<p>\u00a0<\/p>\n<ul>\n<li>Los docentes con 54 a\u00f1os o 52 a\u00f1os de edad, seg\u00fan se tratare de varones o mujeres, respectivamente y 25 a\u00f1os de servicios al frente directo de alumnos.<\/li>\n<\/ul>\n<p>\u00a0<\/p>\n<ul>\n<li>Los a\ufb01liados que hubieran cumplido 45 a\u00f1os de edad y 20 de servicios acreditando la condici\u00f3n de discapacitados con una disminuci\u00f3n de la capacidad laboral superior al 33%, siempre que se hubieran desempe\u00f1ado en dicha situaci\u00f3n, como m\u00ednimo, durante los \u00faltimos 10 a\u00f1os de actividad, inmediatos anteriores al cese.<\/li>\n<\/ul>\n<p>\u00a0<\/p>\n<ul>\n<li>Los a\ufb01liados con 45 a\u00f1os de edad y 20 de servicios con aportes como m\u00ednimo comprendidos en la Ley 8281.<\/li>\n<\/ul>\n<p>\u00a0<\/p>\n<ul>\n<li>Los a\ufb01liados, con 45 a\u00f1os de edad y 20 de servicios, con aportes como m\u00ednimo como docente al frente directo de alumnos en establecimientos de Ense\u00f1anza Diferencial.<\/li>\n<\/ul>\n<p>\u00a0<\/p>\n<p>Los a\ufb01liados que alcancen la edad y los requisitos para acceder a la jubilaci\u00f3n mediante los reg\u00edmenes especiales podr\u00e1n optar por continuar en actividad hasta alcanzar la edad que consideren conveniente dentro del r\u00e9gimen general. En caso de optar por acceder al bene\ufb01cio previsional especial, deber\u00e1n continuar efectuando los aportes personales correspondientes al sistema hasta cumplir los requisitos de edad previstos para la jubilaci\u00f3n ordinaria com\u00fan. Dichos aportes tendr\u00e1n car\u00e1cter solidario y se destinar\u00e1n al \ufb01nanciamiento del sistema previsional.<\/p>\n<p>\u00a0<\/p>\n<p>\u00a0<\/p>\n<ol start=\"3\">\n<li><strong>Movilidad<\/strong> (respeta la Constituci\u00f3n)<\/li>\n<\/ol>\n<p>Los haberes de los bene\ufb01cios ser\u00e1n m\u00f3viles en relaci\u00f3n con las variaciones del nivel sectorial de las remuneraciones del personal en actividad.<\/p>\n<p>Se aplica la misma metodolog\u00eda de todos los sistemas previsionales, de movilidad por \u00edndice. Proponemos \u00edndices que agrupen a la totalidad de los escalafones y que deber\u00e1n garantizar las variaciones sectoriales de los haberes de activos y acompa\u00f1arlas. En cuanto a la conformaci\u00f3n t\u00e9cnica de los \u00edndices deber\u00e1n respetar:<\/p>\n<ul>\n<li>El Poder Ejecutivo establecer\u00e1 por v\u00eda reglamentaria los sectores y la metodolog\u00eda para calcular los \u00edndices. Los mismos proponemos que re\ufb02ejen, con par\u00e1metros<\/li>\n<\/ul>\n<p>provinciales la f\u00f3rmula aplicada desde 2021 por la Naci\u00f3n (Ley 27.609 de movilidad jubilatoria).<\/p>\n<p>\u00a0<\/p>\n<ul>\n<li>La movilidad se aplicar\u00e1 sobre los haberes previsionales a partir del mes siguiente al que ingresaron al sistema<\/li>\n<\/ul>\n<p>previsional los aportes y contribuciones derivados de la variaci\u00f3n salarial que motiv\u00f3 la movilidad.<\/p>\n<p>\u00a0<\/p>\n<ol start=\"4\">\n<li><strong>Todos los beneficios del sistema <\/strong><\/li>\n<\/ol>\n<p>Una vez otorgado el derecho, deber\u00e1n completar los aportes exigidos para la jubilaci\u00f3n ordinaria com\u00fan a la fecha del otorgamiento del mismo. (30 a\u00f1os hasta la implementaci\u00f3n de la progresividad).<\/p>\n<p>\u00a0<\/p>\n<p>\u00a0<\/p>\n<ol start=\"5\">\n<li><strong>Fuentes de financiaci\u00f3n del sistema<\/strong> Art12.-<\/li>\n<\/ol>\n<p>El Poder Ejecutivo podr\u00e1 establecer, con car\u00e1cter excepcional y por tiempo determinado, aportes solidarios previsionales, topes m\u00e1ximos, a cargo de quienes perciban bene\ufb01cios otorgados por el r\u00e9gimen previsional provincial, cuando circunstancias extraordinarias debidamente acreditadas evidencien desequilibrios \ufb01nancieros o actuariales que comprometan la sustentabilidad del sistema. Tales aportes deber\u00e1n aplicarse con criterios de razonabilidad, proporcionalidad y progresividad, debiendo establecerse por un plazo determinado y destinarse exclusivamente al \ufb01nanciamiento del sistema previsional provincial. Su implementaci\u00f3n deber\u00e1 fundarse en informes t\u00e9cnicos \ufb01nancieros y actuariales que acrediten la existencia de los desequilibrios que se pretende corregir y prever mecanismos de revisi\u00f3n peri\u00f3dica.<\/p>\n<p>\u00a0<\/p>\n<p>\u00a0<\/p>\n<ol start=\"6\">\n<li><strong>Pensiones por fallecimiento y por invalidez y por edad avanzada<\/strong>: armonizaci\u00f3n con sistemas nacionales y provinciales actuales<\/li>\n<\/ol>\n<p>Se igualan tasa de transferencia y edades<\/p>\n<p>\u00a0<\/p>\n<p>\u00a0<\/p>\n<ol start=\"7\">\n<li><strong>Implementaci\u00f3n del sistema de junta m\u00e9dica externa<\/strong><\/li>\n<\/ol>\n<p>\u00a0<\/p>\n<ol start=\"8\">\n<li><strong>Municipios<\/strong><\/li>\n<\/ol>\n<p>Se debe aplicar la actual ley y la patronal deber\u00e1 afrontar los desequilibrios por altas y d\u00e9\ufb01cit, sin alterar la al\u00edcuota de aportes personales de los trabajadores.<\/p>\n<p>\u00a0<\/p>\n<p>\u00a0<\/p>\n<ol start=\"9\">\n<li>9<strong>. Edades<\/strong>: Tendr\u00e1n derecho a la jubilaci\u00f3n ordinaria com\u00fan los a\ufb01liados que:<\/li>\n<\/ol>\n<p>\u00a0<\/p>\n<ol>\n<li>a) Hubieran cumplido 65 y 60 a\u00f1os de edad seg\u00fan se trate de varones y mujeres respectivamente.<\/li>\n<\/ol>\n<p>\u00a0<\/p>\n<ol>\n<li>b) Acrediten 35 a\u00f1os de servicios computables en uno o m\u00e1s reg\u00edmenes comprendidos en el Sistema de Reciprocidad Jubilatoria.<\/li>\n<\/ol>\n<p>\u00a0<\/p>\n<ol>\n<li>c) Quedando as\u00ed, a partir de la sanci\u00f3n de la ley, las edades de la jubilaci\u00f3n ordinaria nacional como par\u00e1metro a acompa\u00f1ar.<\/li>\n<\/ol>\n<p>\u00a0<\/p>\n<p>Las edades previstas en el art\u00edculo 36 de la Ley N\u00b0 8732 modi\ufb01cado por el art. (\u2026) de la presente ley, comenzar\u00e1n a regir una vez transcurridos cinco (5) a\u00f1os desde el d\u00eda de su entrada en vigencia. Cumplido dicho plazo, las edades jubilatorias se incrementar\u00e1n de manera gradual a raz\u00f3n de seis (6) meses por cada a\u00f1o calendario, hasta alcanzar las edades all\u00ed previstas de sesenta y cinco (65) a\u00f1os para los varones y sesenta (60) a\u00f1os para las mujeres, como as\u00ed tambi\u00e9n 1 a\u00f1o de aporte por cada dos a\u00f1os calendarios<\/p>\n<p>\u00a0<\/p>\n<p>hasta llegar a los 35 a\u00f1os de servicio. Durante el plazo de 5 a\u00f1os previsto en el presente art\u00edculo, continuar\u00e1n aplic\u00e1ndose las edades jubilatorias vigentes con anterioridad a la sanci\u00f3n de la presente ley y los 30 a\u00f1os de aportes.<\/p>\n<p>\u00a0<\/p>\n<p><img loading=\"lazy\" decoding=\"async\" class=\"alignnone wp-image-154478 size-full\" src=\"https:\/\/entreriosahora.com\/wp-content\/uploads\/2026\/03\/edades.png\" alt=\"\" width=\"691\" height=\"308\" \/><\/p>\n<p>De la Redacci\u00f3n de Entre R\u00edos Ahora<\/p>\n<p>\u00a0\u00a0 \u00a0 \u00a0 Este viernes el Gobierno comenz\u00f3 a hacer circular el borrador de la reforma previsional que modificar de forma sensible el texto de la Ley N\u00b0 8.732, que estructura el sistema jubilatorio en Entre R\u00edos. Aunque previene: \u201cLas disposiciones contenidas en la presente propuesta no afectar\u00e1n derechos adquiridos ni alterar\u00e1n la situaci\u00f3n previsional<\/p>","protected":false},"excerpt":{"rendered":"<div class=\"mh-excerpt\"><p>\u200b\u00a0 \u200b\u00a0 \u200b \u00a0 \u00a0 \u00a0 Este viernes el Gobierno comenz\u00f3 a hacer circular el borrador de la reforma previsional que modificar de forma sensible <a class=\"mh-excerpt-more\" href=\"https:\/\/fmlibertadfeliciano.com.ar\/?p=3093\" title=\"Qu\u00e9 dice el borrador de la reforma jubilatoria\">[&#8230;]<\/a><\/p>\n<\/div>","protected":false},"author":1,"featured_media":3094,"comment_status":"open","ping_status":"open","sticky":false,"template":"","format":"standard","meta":{"footnotes":""},"categories":[1],"tags":[],"class_list":["post-3093","post","type-post","status-publish","format-standard","has-post-thumbnail","hentry","category-sin-categoria"],"_links":{"self":[{"href":"https:\/\/fmlibertadfeliciano.com.ar\/index.php?rest_route=\/wp\/v2\/posts\/3093","targetHints":{"allow":["GET"]}}],"collection":[{"href":"https:\/\/fmlibertadfeliciano.com.ar\/index.php?rest_route=\/wp\/v2\/posts"}],"about":[{"href":"https:\/\/fmlibertadfeliciano.com.ar\/index.php?rest_route=\/wp\/v2\/types\/post"}],"author":[{"embeddable":true,"href":"https:\/\/fmlibertadfeliciano.com.ar\/index.php?rest_route=\/wp\/v2\/users\/1"}],"replies":[{"embeddable":true,"href":"https:\/\/fmlibertadfeliciano.com.ar\/index.php?rest_route=%2Fwp%2Fv2%2Fcomments&post=3093"}],"version-history":[{"count":0,"href":"https:\/\/fmlibertadfeliciano.com.ar\/index.php?rest_route=\/wp\/v2\/posts\/3093\/revisions"}],"wp:featuredmedia":[{"embeddable":true,"href":"https:\/\/fmlibertadfeliciano.com.ar\/index.php?rest_route=\/wp\/v2\/media\/3094"}],"wp:attachment":[{"href":"https:\/\/fmlibertadfeliciano.com.ar\/index.php?rest_route=%2Fwp%2Fv2%2Fmedia&parent=3093"}],"wp:term":[{"taxonomy":"category","embeddable":true,"href":"https:\/\/fmlibertadfeliciano.com.ar\/index.php?rest_route=%2Fwp%2Fv2%2Fcategories&post=3093"},{"taxonomy":"post_tag","embeddable":true,"href":"https:\/\/fmlibertadfeliciano.com.ar\/index.php?rest_route=%2Fwp%2Fv2%2Ftags&post=3093"}],"curies":[{"name":"wp","href":"https:\/\/api.w.org\/{rel}","templated":true}]}}