{"id":3095,"date":"2026-03-13T13:03:00","date_gmt":"2026-03-13T13:03:00","guid":{"rendered":"https:\/\/fmlibertadfeliciano.com.ar\/?p=3095"},"modified":"2026-03-13T13:03:00","modified_gmt":"2026-03-13T13:03:00","slug":"parana-avanza-la-puesta-en-valor-y-preservacion-del-historico-reloj-del-palacio-municipal","status":"publish","type":"post","link":"https:\/\/fmlibertadfeliciano.com.ar\/?p=3095","title":{"rendered":"Paran\u00e1: Avanza la puesta en valor y preservaci\u00f3n del hist\u00f3rico reloj del Palacio Municipal"},"content":{"rendered":"<p>\u200b\u00a0<\/p>\n<p>\u200b\u00a0<\/p>\n<p>\u200b<img loading=\"lazy\" decoding=\"async\" width=\"300\" height=\"200\" src=\"https:\/\/www.eldiario.com.ar\/wp-content\/uploads\/2026\/03\/17e41f7e9850c693177705f1ed825659-20x13.jpg\" class=\"webfeedsFeaturedVisual jl-lazyload lazyload wp-post-image\" alt=\"\" data-src=\"https:\/\/www.eldiario.com.ar\/wp-content\/uploads\/2026\/03\/17e41f7e9850c693177705f1ed825659-300x200.jpg\" \/><\/p>\n<figure class=\"wp-block-image size-large\"><img loading=\"lazy\" decoding=\"async\" width=\"1024\" height=\"682\" src=\"https:\/\/www.eldiario.com.ar\/wp-content\/uploads\/2026\/03\/17e41f7e9850c693177705f1ed825659-1024x682.jpg\" alt=\"\" class=\"wp-image-483608\" \/><\/figure>\n<h5 class=\"wp-block-heading\">La Municipalidad contin\u00faa con la recuperaci\u00f3n del patrimonio de la ciudad. Se realiza adem\u00e1s el mantenimiento de las fachadas del edificio emblem\u00e1tico de calles Urquiza y Corrientes.<\/h5>\n<p>El reloj del Palacio Municipal de Paran\u00e1 constituye parte integral del paisaje urbano y s\u00edmbolo de su historia. Para restablecer su funcionamiento y significado hist\u00f3rico, desde la Municipalidad se inici\u00f3 el proceso de puesta en valor.<\/p>\n<p>\u201cSe trata de una recuperaci\u00f3n integral del sistema que hab\u00eda dejado de funcionar hace un tiempo. La obra se complementa con otras que se realizan en toda la fachada del edificio sobre calle Urquiza y sobre Corrientes\u201d, coment\u00f3 el secretario de Planificaci\u00f3n e Infraestructura, Eduardo Lor\u00e9fice.<\/p>\n<p>Luego detall\u00f3 a modo ilustrativo que \u201cel reloj marcaba los cuartos y las horas con campanadas cada hora; con los especialistas que est\u00e1n trabajando lograremos recuperar su pleno funcionamiento\u201d. Tambi\u00e9n se hace el acondicionamiento y limpieza del sector de campana.\u00a0<\/p>\n<p>Las primeras labores consistieron en el retiro de todo el mecanismo del reloj por parte de una empresa especializada en este tipo de sistemas, que adem\u00e1s se encargar\u00e1 de la recuperaci\u00f3n integral de todas sus piezas. Adem\u00e1s se retiraron los cuadrantes de vidrios que ser\u00e1n reemplazados por unos nuevos en policarbonato. Asimismo se procedi\u00f3 a la limpieza general de la estructura del campanario.<\/p>\n<p>Por otro lado, se avanza en la restauraci\u00f3n de la fachada del Palacio Municipal. Un proyecto que combina t\u00e9cnicas tradicionales con un enfoque artesanal, ejecutado por empleados municipales capacitados para tal fin. Se trata de un trabajo colaborativo entre la Unidad Ejecutora Municipal, Servicios P\u00fablicos y Patrimonio Urbano Arquitect\u00f3nico.<\/p>\n<h3 class=\"wp-block-heading\"><strong>Detalles<\/strong><\/h3>\n<p>La intervenci\u00f3n proyectada tiene por objetivo preservar el valor hist\u00f3rico y funcional del reloj. Con el paso del tiempo, los vidrios se han deteriorado, varios n\u00fameros se han borrado y las pesas presentan un grado significativo de corrosi\u00f3n, afectando tanto su funcionalidad como su est\u00e9tica. Frente a esta situaci\u00f3n, se considera imprescindible una intervenci\u00f3n que permita preservar este bien patrimonial y garantizar su conservaci\u00f3n para las generaciones futuras.<\/p>\n<p>Para ello, se propone el reemplazo de su estructura actual por otra de dise\u00f1o similar a la del reloj de la Gare d\u2019Orsay en Par\u00eds, lo cual permitir\u00e1 un montaje m\u00e1s r\u00e1pido y seguro, sin comprometer el mecanismo original. Se utilizar\u00e1n materiales duraderos y compatibles con la arquitectura del edificio, as\u00ed como t\u00e9cnicas que faciliten futuras intervenciones sin afectar la integridad del conjunto.\u00a0<\/p>\n<p><strong>Las tareas comprenden:\u00a0<\/strong><\/p>\n<p>* El reemplazo completo de la estructura met\u00e1lica del reloj.\u00a0<\/p>\n<p>* La instalaci\u00f3n de nuevos cuadrantes con sus respectivos n\u00fameros.\u00a0<\/p>\n<p>* La restauraci\u00f3n del sistema mec\u00e1nico de pesas.\u00a0<\/p>\n<p>* Instalaci\u00f3n el\u00e9ctrica para iluminaci\u00f3n de los relojes.\u00a0<\/p>\n<p>La intervenci\u00f3n incluye todos los elementos que conforman cada una de las partes o sistemas antes mencionados. El objeto principal de esta intervenci\u00f3n, es garantizar la estabilidad, integridad, materialidad y aspecto de todos y cada uno de los elementos a intervenir. Por lo tanto, se incluyen dentro del alcance de esta obra todos los trabajos necesarios para alcanzar dicho objetivo.<\/p>\n<p>\u00a0La Municipalidad contin\u00faa con la recuperaci\u00f3n del patrimonio de la ciudad. Se realiza adem\u00e1s el mantenimiento de las fachadas del edificio emblem\u00e1tico de calles Urquiza y Corrientes. El reloj del Palacio Municipal de Paran\u00e1 constituye parte integral del paisaje urbano y s\u00edmbolo de su historia. Para restablecer su funcionamiento y significado hist\u00f3rico, desde la Municipalidad<\/p>","protected":false},"excerpt":{"rendered":"<div class=\"mh-excerpt\"><p>\u200b\u00a0 \u200b\u00a0 \u200b La Municipalidad contin\u00faa con la recuperaci\u00f3n del patrimonio de la ciudad. Se realiza adem\u00e1s el mantenimiento de las fachadas del edificio emblem\u00e1tico <a class=\"mh-excerpt-more\" href=\"https:\/\/fmlibertadfeliciano.com.ar\/?p=3095\" title=\"Paran\u00e1: Avanza la puesta en valor y preservaci\u00f3n del hist\u00f3rico reloj del Palacio Municipal\">[&#8230;]<\/a><\/p>\n<\/div>","protected":false},"author":1,"featured_media":3096,"comment_status":"open","ping_status":"open","sticky":false,"template":"","format":"standard","meta":{"footnotes":""},"categories":[1],"tags":[],"class_list":["post-3095","post","type-post","status-publish","format-standard","has-post-thumbnail","hentry","category-sin-categoria"],"_links":{"self":[{"href":"https:\/\/fmlibertadfeliciano.com.ar\/index.php?rest_route=\/wp\/v2\/posts\/3095","targetHints":{"allow":["GET"]}}],"collection":[{"href":"https:\/\/fmlibertadfeliciano.com.ar\/index.php?rest_route=\/wp\/v2\/posts"}],"about":[{"href":"https:\/\/fmlibertadfeliciano.com.ar\/index.php?rest_route=\/wp\/v2\/types\/post"}],"author":[{"embeddable":true,"href":"https:\/\/fmlibertadfeliciano.com.ar\/index.php?rest_route=\/wp\/v2\/users\/1"}],"replies":[{"embeddable":true,"href":"https:\/\/fmlibertadfeliciano.com.ar\/index.php?rest_route=%2Fwp%2Fv2%2Fcomments&post=3095"}],"version-history":[{"count":0,"href":"https:\/\/fmlibertadfeliciano.com.ar\/index.php?rest_route=\/wp\/v2\/posts\/3095\/revisions"}],"wp:featuredmedia":[{"embeddable":true,"href":"https:\/\/fmlibertadfeliciano.com.ar\/index.php?rest_route=\/wp\/v2\/media\/3096"}],"wp:attachment":[{"href":"https:\/\/fmlibertadfeliciano.com.ar\/index.php?rest_route=%2Fwp%2Fv2%2Fmedia&parent=3095"}],"wp:term":[{"taxonomy":"category","embeddable":true,"href":"https:\/\/fmlibertadfeliciano.com.ar\/index.php?rest_route=%2Fwp%2Fv2%2Fcategories&post=3095"},{"taxonomy":"post_tag","embeddable":true,"href":"https:\/\/fmlibertadfeliciano.com.ar\/index.php?rest_route=%2Fwp%2Fv2%2Ftags&post=3095"}],"curies":[{"name":"wp","href":"https:\/\/api.w.org\/{rel}","templated":true}]}}