{"id":3097,"date":"2026-03-14T14:15:39","date_gmt":"2026-03-14T14:15:39","guid":{"rendered":"https:\/\/fmlibertadfeliciano.com.ar\/?p=3097"},"modified":"2026-03-14T14:15:39","modified_gmt":"2026-03-14T14:15:39","slug":"informe-expuso-que-descendio-el-patentamiento-de-autos-y-se-disparo-el-de-motos","status":"publish","type":"post","link":"https:\/\/fmlibertadfeliciano.com.ar\/?p=3097","title":{"rendered":"Informe expuso que descendi\u00f3 el patentamiento de autos y se dispar\u00f3 el de motos"},"content":{"rendered":"<p>\u200b\u00a0<\/p>\n<p>\u200b\u00a0<\/p>\n<p>\u200b<\/p>\n<figure>\n                        <img decoding=\"async\" src=\"https:\/\/apfdigital-s3.cdn.net.ar\/s3i233\/2024\/08\/apfdigital\/images\/96\/68\/966895_a050302f2b580ac879b6b7214613ba4aef80af910fa07870e25b1a4c86d10402\/md.webp\" alt=\"\" class=\"type:primaryImage\" \/><figcaption><\/figcaption><\/figure>\n<p>\u00a0Seg\u00fan un informe de la Asociaci\u00f3n de Concesionarios de Automotores de la Rep\u00fablica Argentina (Acara), en el \u00faltimo a\u00f1o los patentamientos de autos, camiones y camionetas ascendieron en febrero a 42.026 unidades, con una ca\u00edda interanual del 5,7%, en contraste con la venta de motos, especial las de menor cilindrada, que en el mismo mes tuvieron un registro de 70.799 casos, con un aumento del 72,3%.<\/p>","protected":false},"excerpt":{"rendered":"<div class=\"mh-excerpt\"><p>\u200b\u00a0 \u200b\u00a0 \u200b \u00a0Seg\u00fan un informe de la Asociaci\u00f3n de Concesionarios de Automotores de la Rep\u00fablica Argentina (Acara), en el \u00faltimo a\u00f1o los patentamientos de <a class=\"mh-excerpt-more\" href=\"https:\/\/fmlibertadfeliciano.com.ar\/?p=3097\" title=\"Informe expuso que descendi\u00f3 el patentamiento de autos y se dispar\u00f3 el de motos\">[&#8230;]<\/a><\/p>\n<\/div>","protected":false},"author":1,"featured_media":3098,"comment_status":"open","ping_status":"open","sticky":false,"template":"","format":"standard","meta":{"footnotes":""},"categories":[1],"tags":[],"class_list":["post-3097","post","type-post","status-publish","format-standard","has-post-thumbnail","hentry","category-sin-categoria"],"_links":{"self":[{"href":"https:\/\/fmlibertadfeliciano.com.ar\/index.php?rest_route=\/wp\/v2\/posts\/3097","targetHints":{"allow":["GET"]}}],"collection":[{"href":"https:\/\/fmlibertadfeliciano.com.ar\/index.php?rest_route=\/wp\/v2\/posts"}],"about":[{"href":"https:\/\/fmlibertadfeliciano.com.ar\/index.php?rest_route=\/wp\/v2\/types\/post"}],"author":[{"embeddable":true,"href":"https:\/\/fmlibertadfeliciano.com.ar\/index.php?rest_route=\/wp\/v2\/users\/1"}],"replies":[{"embeddable":true,"href":"https:\/\/fmlibertadfeliciano.com.ar\/index.php?rest_route=%2Fwp%2Fv2%2Fcomments&post=3097"}],"version-history":[{"count":0,"href":"https:\/\/fmlibertadfeliciano.com.ar\/index.php?rest_route=\/wp\/v2\/posts\/3097\/revisions"}],"wp:featuredmedia":[{"embeddable":true,"href":"https:\/\/fmlibertadfeliciano.com.ar\/index.php?rest_route=\/wp\/v2\/media\/3098"}],"wp:attachment":[{"href":"https:\/\/fmlibertadfeliciano.com.ar\/index.php?rest_route=%2Fwp%2Fv2%2Fmedia&parent=3097"}],"wp:term":[{"taxonomy":"category","embeddable":true,"href":"https:\/\/fmlibertadfeliciano.com.ar\/index.php?rest_route=%2Fwp%2Fv2%2Fcategories&post=3097"},{"taxonomy":"post_tag","embeddable":true,"href":"https:\/\/fmlibertadfeliciano.com.ar\/index.php?rest_route=%2Fwp%2Fv2%2Ftags&post=3097"}],"curies":[{"name":"wp","href":"https:\/\/api.w.org\/{rel}","templated":true}]}}