{"id":3099,"date":"2026-03-14T11:13:04","date_gmt":"2026-03-14T11:13:04","guid":{"rendered":"https:\/\/fmlibertadfeliciano.com.ar\/?p=3099"},"modified":"2026-03-14T11:13:04","modified_gmt":"2026-03-14T11:13:04","slug":"concepcion-del-uruguay-homenajeo-a-francisco-ramirez-a-240-anos-de-su-nacimiento","status":"publish","type":"post","link":"https:\/\/fmlibertadfeliciano.com.ar\/?p=3099","title":{"rendered":"Concepci\u00f3n del Uruguay homenaje\u00f3 a Francisco Ram\u00edrez a 240 a\u00f1os de su nacimiento"},"content":{"rendered":"<p>\u200b\u00a0<\/p>\n<p>\u200b\u00a0<\/p>\n<p>\u200b<\/p>\n<p>La <strong>Municipalidad de Concepci\u00f3n del Uruguay<\/strong> conmemor\u00f3 el <strong>240\u00ba aniversario del nacimiento de Francisco Ram\u00edrez<\/strong>, figura central de la historia entrerriana. El acto se llev\u00f3 a cabo en la <strong>Plaza Ram\u00edrez<\/strong>, con la participaci\u00f3n de autoridades, vecinos y m\u00e1s de <strong>600 estudiantes de escuelas y jardines municipales<\/strong>.<\/p>\n<figure class=\"wp-block-gallery has-nested-images columns-default is-cropped wp-block-gallery-1 is-layout-flex wp-block-gallery-is-layout-flex\">\n<figure class=\"wp-block-image size-large\"><img loading=\"lazy\" decoding=\"async\" width=\"1024\" height=\"683\" data-id=\"16245\" src=\"https:\/\/www.entrerrianodigital.com\/wp-content\/uploads\/2026\/03\/homenajearamirezplaza-1024x683.jpg\" alt=\"\" class=\"wp-image-16245\" \/><\/figure>\n<figure class=\"wp-block-image size-large\"><img loading=\"lazy\" decoding=\"async\" width=\"1024\" height=\"683\" data-id=\"16244\" src=\"https:\/\/www.entrerrianodigital.com\/wp-content\/uploads\/2026\/03\/homenajearamirezenconcepcion-1024x683.jpg\" alt=\"\" class=\"wp-image-16244\" \/><\/figure>\n<\/figure>\n<p>El homenaje incluy\u00f3 la interpretaci\u00f3n del <strong>Himno Nacional<\/strong> y la <strong>Marcha de Entre R\u00edos<\/strong>, la colocaci\u00f3n de ofrendas florales y palabras alusivas. Como actividad destacada, los establecimientos educativos realizaron un desfile simb\u00f3lico, reafirmando el v\u00ednculo entre la figura de Ram\u00edrez y la educaci\u00f3n p\u00fablica.<\/p>\n<figure class=\"wp-block-gallery has-nested-images columns-default is-cropped wp-block-gallery-2 is-layout-flex wp-block-gallery-is-layout-flex\">\n<figure class=\"wp-block-image size-large\"><img loading=\"lazy\" decoding=\"async\" width=\"1024\" height=\"683\" data-id=\"16243\" src=\"https:\/\/www.entrerrianodigital.com\/wp-content\/uploads\/2026\/03\/homenajearamirez-1024x683.jpg\" alt=\"\" class=\"wp-image-16243\" \/><\/figure>\n<figure class=\"wp-block-image size-large\"><img decoding=\"async\" loading=\"lazy\" width=\"1024\" height=\"683\" data-id=\"16242\" src=\"https:\/\/www.entrerrianodigital.com\/wp-content\/uploads\/2026\/03\/homenajeafrancisvoramirez-1024x683.jpg\" alt=\"\" class=\"wp-image-16242\" \/><\/figure>\n<\/figure>\n<p>El <strong>intendente Jos\u00e9 E.Lauritto <\/strong>subray\u00f3 que la mejor forma de honrar al <strong>Supremo Entrerriano<\/strong> es <strong><em>continuar apostando a la educaci\u00f3n gratuita y obligatoria<\/em><\/strong>, legado que Ram\u00edrez impuls\u00f3 en 1820 y que hoy se proyecta en la amplia oferta educativa municipal.<\/p>\n<div class=\"entre-grupo-slider-rotativo-entre-noticias-pc\">\n<div class=\"ed-banner\"><a href=\"http:\/\/www.parana.gob.ar\/\" aria-label=\"07- 728 x 90 Febrero Calle a calle 2026\"><img decoding=\"async\" loading=\"lazy\" src=\"https:\/\/www.entrerrianodigital.com\/wp-content\/uploads\/2024\/11\/07-728-x-90-Febrero-Calle-a-calle-2026.jpg\" alt=\"\" width=\"728\" height=\"90\" \/><\/a><\/div>\n<\/div>\n<blockquote class=\"wp-block-quote is-layout-flow wp-block-quote-is-layout-flow\">\n<p>\u00abCada ni\u00f1o que desarrolla el lenguaje, cada joven que aprende a leer y escribir, cada adulto que adquiere un oficio o capacitaci\u00f3n laboral en nuestras aulas est\u00e1 cumpliendo el mandato de aquel Supremo Entrerriano que so\u00f1aba con una provincia de ciudadanos libres e instruidos cuando dict\u00f3 aquel reglamento revolucionario que establec\u00eda la educaci\u00f3n gratuita y obligatoria.\u00bb<\/p>\n<\/blockquote>\n<p>La entrada <a href=\"https:\/\/www.entrerrianodigital.com\/concepcion-del-uruguay-homenajeo-a-francisco-ramirez-a-240-anos-de-su-nacimiento\/\">Concepci\u00f3n del Uruguay homenaje\u00f3 a Francisco Ram\u00edrez a 240 a\u00f1os de su nacimiento<\/a> se public\u00f3 primero en <a href=\"https:\/\/www.entrerrianodigital.com\/\">Entrerriano Digital<\/a>.<\/p>\n<p>\u00a0El acto se realiz\u00f3 en la Plaza Ram\u00edrez con la participaci\u00f3n de estudiantes de escuelas y jardines municipales, reafirmando el legado educativo del Supremo Entrerriano.<br \/>\nLa entrada Concepci\u00f3n del Uruguay homenaje\u00f3 a Francisco Ram\u00edrez a 240 a\u00f1os de su nacimiento se public\u00f3 primero en Entrerriano Digital.<\/p>","protected":false},"excerpt":{"rendered":"<div class=\"mh-excerpt\"><p>\u200b\u00a0 \u200b\u00a0 \u200b La Municipalidad de Concepci\u00f3n del Uruguay conmemor\u00f3 el 240\u00ba aniversario del nacimiento de Francisco Ram\u00edrez, figura central de la historia entrerriana. El <a class=\"mh-excerpt-more\" href=\"https:\/\/fmlibertadfeliciano.com.ar\/?p=3099\" title=\"Concepci\u00f3n del Uruguay homenaje\u00f3 a Francisco Ram\u00edrez a 240 a\u00f1os de su nacimiento\">[&#8230;]<\/a><\/p>\n<\/div>","protected":false},"author":1,"featured_media":3100,"comment_status":"open","ping_status":"open","sticky":false,"template":"","format":"standard","meta":{"footnotes":""},"categories":[1],"tags":[],"class_list":["post-3099","post","type-post","status-publish","format-standard","has-post-thumbnail","hentry","category-sin-categoria"],"_links":{"self":[{"href":"https:\/\/fmlibertadfeliciano.com.ar\/index.php?rest_route=\/wp\/v2\/posts\/3099","targetHints":{"allow":["GET"]}}],"collection":[{"href":"https:\/\/fmlibertadfeliciano.com.ar\/index.php?rest_route=\/wp\/v2\/posts"}],"about":[{"href":"https:\/\/fmlibertadfeliciano.com.ar\/index.php?rest_route=\/wp\/v2\/types\/post"}],"author":[{"embeddable":true,"href":"https:\/\/fmlibertadfeliciano.com.ar\/index.php?rest_route=\/wp\/v2\/users\/1"}],"replies":[{"embeddable":true,"href":"https:\/\/fmlibertadfeliciano.com.ar\/index.php?rest_route=%2Fwp%2Fv2%2Fcomments&post=3099"}],"version-history":[{"count":0,"href":"https:\/\/fmlibertadfeliciano.com.ar\/index.php?rest_route=\/wp\/v2\/posts\/3099\/revisions"}],"wp:featuredmedia":[{"embeddable":true,"href":"https:\/\/fmlibertadfeliciano.com.ar\/index.php?rest_route=\/wp\/v2\/media\/3100"}],"wp:attachment":[{"href":"https:\/\/fmlibertadfeliciano.com.ar\/index.php?rest_route=%2Fwp%2Fv2%2Fmedia&parent=3099"}],"wp:term":[{"taxonomy":"category","embeddable":true,"href":"https:\/\/fmlibertadfeliciano.com.ar\/index.php?rest_route=%2Fwp%2Fv2%2Fcategories&post=3099"},{"taxonomy":"post_tag","embeddable":true,"href":"https:\/\/fmlibertadfeliciano.com.ar\/index.php?rest_route=%2Fwp%2Fv2%2Ftags&post=3099"}],"curies":[{"name":"wp","href":"https:\/\/api.w.org\/{rel}","templated":true}]}}