{"id":3101,"date":"2026-03-14T10:44:33","date_gmt":"2026-03-14T10:44:33","guid":{"rendered":"https:\/\/fmlibertadfeliciano.com.ar\/?p=3101"},"modified":"2026-03-14T10:44:33","modified_gmt":"2026-03-14T10:44:33","slug":"la-fiesta-nacional-de-la-apicultura-se-presento-en-la-casa-de-entre-rios-y-genero-repercusion-nacional","status":"publish","type":"post","link":"https:\/\/fmlibertadfeliciano.com.ar\/?p=3101","title":{"rendered":"La Fiesta Nacional de la Apicultura se present\u00f3 en la Casa de Entre R\u00edos y gener\u00f3 repercusi\u00f3n nacional"},"content":{"rendered":"<p>\u200b\u00a0<\/p>\n<p>\u200b\u00a0<\/p>\n<p>\u200b<\/p>\n<p>La\u00a0<strong>Casa de Entre R\u00edos en Buenos Aires<\/strong>\u00a0fue escenario de la presentaci\u00f3n oficial de la\u00a0<strong>29\u00b0 Fiesta Nacional de la Apicultura y Expo Ap\u00edcola del Mercosur<\/strong>, que se realizar\u00e1 los d\u00edas\u00a0<strong>21, 22 y 23 de marzo en la ciudad de Maci\u00e1<\/strong>.<\/p>\n<figure class=\"wp-block-gallery has-nested-images columns-default is-cropped wp-block-gallery-3 is-layout-flex wp-block-gallery-is-layout-flex\">\n<figure class=\"wp-block-image size-large\"><img decoding=\"async\" loading=\"lazy\" width=\"768\" height=\"480\" data-id=\"16235\" src=\"https:\/\/www.entrerrianodigital.com\/wp-content\/uploads\/2026\/03\/maciacaba.jpg\" alt=\"\" class=\"wp-image-16235\" \/><\/figure>\n<figure class=\"wp-block-image size-large\"><img decoding=\"async\" loading=\"lazy\" width=\"768\" height=\"480\" data-id=\"16236\" src=\"https:\/\/www.entrerrianodigital.com\/wp-content\/uploads\/2026\/03\/maciapresento.jpg\" alt=\"\" class=\"wp-image-16236\" \/><\/figure>\n<\/figure>\n<p>La actividad estuvo encabezada por el\u00a0<strong>intendente de Maci\u00e1, Ariel M\u00fcller<\/strong>, junto al\u00a0<strong>representante del Gobierno de Entre R\u00edos en Buenos Aires, Jos\u00e9 Mouli\u00e1<\/strong>. Tambi\u00e9n integraron la mesa de presentaci\u00f3n el\u00a0<strong>senador departamental Juan Diego Conti<\/strong>; el\u00a0<strong>secretario de Producci\u00f3n y Ambiente del municipio de Maci\u00e1, Javier Crettaz<\/strong>; y el\u00a0<strong>t\u00e9cnico ap\u00edcola Fabricio Raticelli<\/strong>, responsable del\u00a0<strong>Laboratorio de Especialidades Productivas de Maci\u00e1 (LEPMA)<\/strong>. <a href=\"https:\/\/www.entrerrianodigital.com\/presentaron-la-29-fiesta-nacional-de-la-apicultura-y-expo-apicola-del-mercosur-en-buenos-aires\/\">Durante el encuentro se presentaron<\/a> ante medios de comunicaci\u00f3n, instituciones y referentes del sector las principales propuestas de esta nueva edici\u00f3n del evento, considerado uno de los encuentros ap\u00edcolas m\u00e1s importantes del pa\u00eds.<\/p>\n<p>En ese marco, <strong>Mouli\u00e1 destac\u00f3 <\/strong>el crecimiento del sector y el valor que tiene la Fiesta para la provincia. \u201c<strong><em>Esta Fiesta refleja el desarrollo y la calidad del sector ap\u00edcola entrerriano. La apicultura nos enorgullece por la calidad de sus productos y por la presencia nacional e internacional que ha logrado consolidar a lo largo de los a\u00f1os\u201d, <\/em><\/strong>expres\u00f3.<\/p>\n<div class=\"entre-grupo-slider-rotativo-entre-noticias-pc\">\n<div class=\"ed-banner\"><a href=\"http:\/\/www.parana.gob.ar\/\" aria-label=\"07- 728 x 90 Febrero Calle a calle 2026\"><img decoding=\"async\" loading=\"lazy\" src=\"https:\/\/www.entrerrianodigital.com\/wp-content\/uploads\/2024\/11\/07-728-x-90-Febrero-Calle-a-calle-2026.jpg\" alt=\"\" width=\"728\" height=\"90\" \/><\/a><\/div>\n<\/div>\n<p>Por su parte, <strong>el intendente M\u00fcller subray\u00f3 la importancia del evento para la actividad productiva y para la comunidad local.<\/strong><\/p>\n<figure class=\"wp-block-image size-large\"><img decoding=\"async\" loading=\"lazy\" width=\"1024\" height=\"768\" src=\"https:\/\/www.entrerrianodigital.com\/wp-content\/uploads\/2026\/03\/macia-en-caba-fiestaapicultura-1024x768.jpg\" alt=\"\" class=\"wp-image-16148\" \/><\/figure>\n<blockquote class=\"wp-block-quote is-layout-flow wp-block-quote-is-layout-flow\">\n<p>\u201cLa apicultura necesita el acompa\u00f1amiento del Estado nacional, provincial y municipal. Esta Fiesta es una de las m\u00e1s importantes del pa\u00eds y se realiza en un momento clave del a\u00f1o, cuando finaliza la cosecha de miel, lo que permite analizar la campa\u00f1a y proyectar lo que viene para el sector\u201d, se\u00f1al\u00f3.<\/p>\n<\/blockquote>\n<p>Adem\u00e1s, destac\u00f3 el impacto que genera el evento en la ciudad. <strong><em>\u201cEn Maci\u00e1 somos cerca de 8.000 habitantes y durante el fin de semana de la Fiesta recibimos m\u00e1s de 20.000 visitantes. El municipio organiza, pero todo el pueblo se moviliza para que este encuentro sea posible, por eso es un momento que los maciaenses esperamos durante todo el a\u00f1o\u201d, <\/em><\/strong>agreg\u00f3.<\/p>\n<p>Tambi\u00e9n participaron de la actividad Sebasti\u00e1n Fogg, director de Relaciones con las Provincias del Senado de la Naci\u00f3n; el director de la Casa de Tucum\u00e1n en Buenos Aires, Enrique Salvatierra, y autoridades de las Casas de Catamarca y Tierra del Fuego.<\/p>\n<p>La programaci\u00f3n incluir\u00e1\u00a0<strong>concursos, exposiciones, capacitaciones, espacios de encuentro para el sector productivo y espect\u00e1culos musicales<\/strong>. Entre los artistas confirmados se presentar\u00e1n\u00a0<strong>La Beriso<\/strong>\u00a0el viernes,\u00a0<strong>La Delio Valdez junto al DJ Alan G\u00f3mez<\/strong>\u00a0el s\u00e1bado, y\u00a0<strong>Antonio Tarrag\u00f3 Ros y Damas Gratis<\/strong>\u00a0el domingo.<\/p>\n<p>M\u00e1s informaci\u00f3n:\u00a0<strong><a href=\"https:\/\/expo.macia.gob.ar\/\">https:\/\/expo.macia.gob.ar<\/a><\/strong><\/p>\n<figure class=\"wp-block-gallery has-nested-images columns-default is-cropped wp-block-gallery-4 is-layout-flex wp-block-gallery-is-layout-flex\">\n<figure class=\"wp-block-image size-large\"><img decoding=\"async\" loading=\"lazy\" width=\"822\" height=\"1024\" data-id=\"16156\" src=\"https:\/\/www.entrerrianodigital.com\/wp-content\/uploads\/2026\/03\/viernes20expomacia-822x1024.jpg\" alt=\"\" class=\"wp-image-16156\" \/><\/figure>\n<figure class=\"wp-block-image size-large\"><img decoding=\"async\" loading=\"lazy\" width=\"823\" height=\"1024\" data-id=\"16158\" src=\"https:\/\/www.entrerrianodigital.com\/wp-content\/uploads\/2026\/03\/sabado21expomacia-823x1024.jpg\" alt=\"\" class=\"wp-image-16158\" \/><\/figure>\n<figure class=\"wp-block-image size-large\"><img decoding=\"async\" loading=\"lazy\" width=\"822\" height=\"1024\" data-id=\"16159\" src=\"https:\/\/www.entrerrianodigital.com\/wp-content\/uploads\/2026\/03\/domingo22expomacia-822x1024.jpg\" alt=\"\" class=\"wp-image-16159\" \/><\/figure>\n<\/figure>\n<p>La entrada <a href=\"https:\/\/www.entrerrianodigital.com\/la-fiesta-nacional-de-la-apicultura-se-presento-en-la-casa-de-entre-rios-y-genero-repercusion-nacional\/\">La Fiesta Nacional de la Apicultura se present\u00f3 en la Casa de Entre R\u00edos y gener\u00f3 repercusi\u00f3n nacional<\/a> se public\u00f3 primero en <a href=\"https:\/\/www.entrerrianodigital.com\/\">Entrerriano Digital<\/a>.<\/p>\n<p>\u00a0.Autoridades provinciales y municipales participaron del lanzamiento en CABA, destacando la proyecci\u00f3n nacional de la Expo Ap\u00edcola del Mercosur.<br \/>\nLa entrada La Fiesta Nacional de la Apicultura se present\u00f3 en la Casa de Entre R\u00edos y gener\u00f3 repercusi\u00f3n nacional se public\u00f3 primero en Entrerriano Digital.<\/p>","protected":false},"excerpt":{"rendered":"<div class=\"mh-excerpt\"><p>\u200b\u00a0 \u200b\u00a0 \u200b La\u00a0Casa de Entre R\u00edos en Buenos Aires\u00a0fue escenario de la presentaci\u00f3n oficial de la\u00a029\u00b0 Fiesta Nacional de la Apicultura y Expo Ap\u00edcola <a class=\"mh-excerpt-more\" href=\"https:\/\/fmlibertadfeliciano.com.ar\/?p=3101\" title=\"La Fiesta Nacional de la Apicultura se present\u00f3 en la Casa de Entre R\u00edos y gener\u00f3 repercusi\u00f3n nacional\">[&#8230;]<\/a><\/p>\n<\/div>","protected":false},"author":1,"featured_media":3102,"comment_status":"open","ping_status":"open","sticky":false,"template":"","format":"standard","meta":{"footnotes":""},"categories":[1],"tags":[],"class_list":["post-3101","post","type-post","status-publish","format-standard","has-post-thumbnail","hentry","category-sin-categoria"],"_links":{"self":[{"href":"https:\/\/fmlibertadfeliciano.com.ar\/index.php?rest_route=\/wp\/v2\/posts\/3101","targetHints":{"allow":["GET"]}}],"collection":[{"href":"https:\/\/fmlibertadfeliciano.com.ar\/index.php?rest_route=\/wp\/v2\/posts"}],"about":[{"href":"https:\/\/fmlibertadfeliciano.com.ar\/index.php?rest_route=\/wp\/v2\/types\/post"}],"author":[{"embeddable":true,"href":"https:\/\/fmlibertadfeliciano.com.ar\/index.php?rest_route=\/wp\/v2\/users\/1"}],"replies":[{"embeddable":true,"href":"https:\/\/fmlibertadfeliciano.com.ar\/index.php?rest_route=%2Fwp%2Fv2%2Fcomments&post=3101"}],"version-history":[{"count":0,"href":"https:\/\/fmlibertadfeliciano.com.ar\/index.php?rest_route=\/wp\/v2\/posts\/3101\/revisions"}],"wp:featuredmedia":[{"embeddable":true,"href":"https:\/\/fmlibertadfeliciano.com.ar\/index.php?rest_route=\/wp\/v2\/media\/3102"}],"wp:attachment":[{"href":"https:\/\/fmlibertadfeliciano.com.ar\/index.php?rest_route=%2Fwp%2Fv2%2Fmedia&parent=3101"}],"wp:term":[{"taxonomy":"category","embeddable":true,"href":"https:\/\/fmlibertadfeliciano.com.ar\/index.php?rest_route=%2Fwp%2Fv2%2Fcategories&post=3101"},{"taxonomy":"post_tag","embeddable":true,"href":"https:\/\/fmlibertadfeliciano.com.ar\/index.php?rest_route=%2Fwp%2Fv2%2Ftags&post=3101"}],"curies":[{"name":"wp","href":"https:\/\/api.w.org\/{rel}","templated":true}]}}