{"id":3103,"date":"2026-03-14T02:51:48","date_gmt":"2026-03-14T02:51:48","guid":{"rendered":"https:\/\/fmlibertadfeliciano.com.ar\/?p=3103"},"modified":"2026-03-14T02:51:48","modified_gmt":"2026-03-14T02:51:48","slug":"en-la-uader-se-inicia-ciclo-de-cine-8m","status":"publish","type":"post","link":"https:\/\/fmlibertadfeliciano.com.ar\/?p=3103","title":{"rendered":"En la Uader se inicia ciclo de cine 8M"},"content":{"rendered":"<p>\u200b\u00a0<\/p>\n<p>\u200b\u00a0<\/p>\n<p>\u200b<span class=\"cb-itemprop\"><\/span><\/p>\n<p>\u00a0<\/p>\n<p>\u00a0<\/p>\n<p>En el marco de la Agenda M \u201cMujer, Memoria, Malvinas\u201d, la Universidad Aut\u00f3noma de Entre R\u00edos (Uader) desarrollar\u00e1 en Paran\u00e1 un ciclo de cine en articulaci\u00f3n con el Instituto Aut\u00e1rquico Audiovisual de Entre R\u00edos (Iaar).<\/p>\n<p>La actividad pondr\u00e1 el acento en la conmemoraci\u00f3n del D\u00eda Internacional de la Mujer, con pel\u00edculas realizadas por mujeres cineastas argentinas, las cuales formaron parte de la programaci\u00f3n de las \u00faltimas ediciones del Festival Internacional de Cine de Entre R\u00edos (Ficer).<\/p>\n<p>Este Ciclo 8M prev\u00e9 la proyecci\u00f3n de cuatro pel\u00edculas, una en cada facultad de Uade:<\/p>\n<p>\u00a0<\/p>\n<p>Lunes 16, a las 10: | \u201cLa noche sin m\u00ed\u201d, en la Facultad de Ciencia y Tecnolog\u00eda | Aula Magna de la Sede Oro Verde (Ruta 11 Km. 10,5).<\/p>\n<p>Jueves 19, a las 17: | \u201cTodas las fuerzas\u201d, en la Facultad de Humanidades, Artes y Ciencias Sociales | Aula de la Memoria de la Escuela Normal de Paran\u00e1 (Urquiza y Corrientes).<\/p>\n<p>Jueves 26, a las 9: | \u201c\u00c1lbum de familia\u201d, en la Facultad de Ciencias de la Gesti\u00f3n | Aulas 2 y 3 del Sector FCG del Campus de Paran\u00e1 (El Paracao 990).<\/p>\n<p>Lunes 30, a las 10: | \u201cAmor trava\u201d, en la Facultad de Ciencias de la Vida y la Salud | Aula 1E \u00a0del Campus de Paran\u00e1 (Espejo y Fader).<\/p>\n<p>El acceso a estas jornadas de cine es exclusivo para la comunidad de Uader (estudiantes, docentes, personal administrativo), con car\u00e1cter gratuito.<\/p>\n<p>\u00a0<\/p>\n<p>De la Redacci\u00f3n de Entre R\u00edos Ahora<\/p>\n<p>\u00a0\u00a0 \u00a0 En el marco de la Agenda M \u201cMujer, Memoria, Malvinas\u201d, la Universidad Aut\u00f3noma de Entre R\u00edos (Uader) desarrollar\u00e1 en Paran\u00e1 un ciclo de cine en articulaci\u00f3n con el Instituto Aut\u00e1rquico Audiovisual de Entre R\u00edos (Iaar). La actividad pondr\u00e1 el acento en la conmemoraci\u00f3n del D\u00eda Internacional de la Mujer, con pel\u00edculas realizadas por<\/p>","protected":false},"excerpt":{"rendered":"<div class=\"mh-excerpt\"><p>\u200b\u00a0 \u200b\u00a0 \u200b \u00a0 \u00a0 En el marco de la Agenda M \u201cMujer, Memoria, Malvinas\u201d, la Universidad Aut\u00f3noma de Entre R\u00edos (Uader) desarrollar\u00e1 en Paran\u00e1 <a class=\"mh-excerpt-more\" href=\"https:\/\/fmlibertadfeliciano.com.ar\/?p=3103\" title=\"En la Uader se inicia ciclo de cine 8M\">[&#8230;]<\/a><\/p>\n<\/div>","protected":false},"author":1,"featured_media":0,"comment_status":"open","ping_status":"open","sticky":false,"template":"","format":"standard","meta":{"footnotes":""},"categories":[1],"tags":[],"class_list":["post-3103","post","type-post","status-publish","format-standard","hentry","category-sin-categoria"],"_links":{"self":[{"href":"https:\/\/fmlibertadfeliciano.com.ar\/index.php?rest_route=\/wp\/v2\/posts\/3103","targetHints":{"allow":["GET"]}}],"collection":[{"href":"https:\/\/fmlibertadfeliciano.com.ar\/index.php?rest_route=\/wp\/v2\/posts"}],"about":[{"href":"https:\/\/fmlibertadfeliciano.com.ar\/index.php?rest_route=\/wp\/v2\/types\/post"}],"author":[{"embeddable":true,"href":"https:\/\/fmlibertadfeliciano.com.ar\/index.php?rest_route=\/wp\/v2\/users\/1"}],"replies":[{"embeddable":true,"href":"https:\/\/fmlibertadfeliciano.com.ar\/index.php?rest_route=%2Fwp%2Fv2%2Fcomments&post=3103"}],"version-history":[{"count":0,"href":"https:\/\/fmlibertadfeliciano.com.ar\/index.php?rest_route=\/wp\/v2\/posts\/3103\/revisions"}],"wp:attachment":[{"href":"https:\/\/fmlibertadfeliciano.com.ar\/index.php?rest_route=%2Fwp%2Fv2%2Fmedia&parent=3103"}],"wp:term":[{"taxonomy":"category","embeddable":true,"href":"https:\/\/fmlibertadfeliciano.com.ar\/index.php?rest_route=%2Fwp%2Fv2%2Fcategories&post=3103"},{"taxonomy":"post_tag","embeddable":true,"href":"https:\/\/fmlibertadfeliciano.com.ar\/index.php?rest_route=%2Fwp%2Fv2%2Ftags&post=3103"}],"curies":[{"name":"wp","href":"https:\/\/api.w.org\/{rel}","templated":true}]}}