{"id":3104,"date":"2026-03-14T02:51:19","date_gmt":"2026-03-14T02:51:19","guid":{"rendered":"https:\/\/fmlibertadfeliciano.com.ar\/?p=3104"},"modified":"2026-03-14T02:51:19","modified_gmt":"2026-03-14T02:51:19","slug":"inicia-su-recorrido-el-colectivo-de-la-memoria","status":"publish","type":"post","link":"https:\/\/fmlibertadfeliciano.com.ar\/?p=3104","title":{"rendered":"Inicia su recorrido el \u00abColectivo de la Memoria\u00bb"},"content":{"rendered":"<p>\u200b\u00a0<\/p>\n<p>\u200b\u00a0<\/p>\n<p>\u200b<span class=\"cb-itemprop\"><\/span><\/p>\n<p>\u00a0<\/p>\n<p>\u00a0<\/p>\n<p>La Universidad Aut\u00f3noma de Entre R\u00edos (Uader), en el marco de la Agenda M \u201cMujer, Memoria, Malvinas\u201d y con car\u00e1cter especial al cumplirse los 50 a\u00f1os del inicio de la \u00faltima dictadura c\u00edvico-militar en Argentina, lanz\u00f3 una propuesta junto a la Municipalidad de Paran\u00e1 y el Ente Mixto Paran\u00e1 Turismo (Empatur), el \u201cColectivo de la Memoria\u201d.<\/p>\n<p>Se trata de un recorrido educativo y territorial que promueve la reconstrucci\u00f3n, visibilizaci\u00f3n y transmisi\u00f3n de la memoria del terrorismo de Estado en la capital de la provincia, utilizando el habitual servicio del Bus Tur\u00edstico con el que cuenta el Municipio.<\/p>\n<p>Para ello, se invita a la comunidad a sumarse a esta propuesta gratuita, que requiere inscripci\u00f3n previa y se desarrollar\u00e1 con el siguiente cronograma de opciones:<\/p>\n<p>Martes 17 de marzo | 16<\/p>\n<p>Mi\u00e9rcoles 18 de marzo | 16<\/p>\n<p>Jueves 19 de marzo | 9<\/p>\n<p>Jueves 19 de marzo | 16<\/p>\n<p>Viernes 20 de marzo | 9<\/p>\n<p>Viernes 20 de marzo | 16<\/p>\n<p>\u00a0<\/p>\n<p>El punto de salida y de llegada del recorrido es la Catedral Metropolitana. Se pasar\u00e1 por el Monumento a la Memoria en la Plaza S\u00e1enz Pe\u00f1a, las unidades penales, la Base A\u00e9rea, el Hospital Militar, la Escuela \u201c\u00c1lvarez Condarco\u201d, el Destacamento de la Polic\u00eda Federal Argentina y el Museo Provincial de Bellas Artes.<\/p>\n<p>Estudiantes de Turismo de la Facultad de Ciencias de la Gesti\u00f3n, junto a otros estudiantes voluntarios de otras carreras y facultades, oficiar\u00e1n de gu\u00edas en los recorridos.<\/p>\n<p>Desde la Universidad, intervienen en la organizaci\u00f3n la Direcci\u00f3n de Promoci\u00f3n de Derechos Humanos y Participaci\u00f3n Ciudadana; y la C\u00e1tedra de Derechos Humanos de la Facultad de Ciencia y Tecnolog\u00eda.<\/p>\n<p>El \u201cColectivo de la Memoria\u201d pretende dar a conocer los lugares de detenci\u00f3n clandestina que funcionaron en Paran\u00e1 durante la \u00faltima dictadura c\u00edvico-militar (1976-1983). Para ello se dispone de informaci\u00f3n testimonial, documental y cartogr\u00e1fica que ayuda a enriquecer la comprensi\u00f3n de los hechos represivos. Es fundamental, en este sentido, el acompa\u00f1amiento de la iniciativa por parte de la Asociaci\u00f3n Civil de Ex Presos y Presas Pol\u00edticas \u201cLa Solapa\u201d.<\/p>\n<p>Asimismo, se busca favorecer la apropiaci\u00f3n colectiva y el di\u00e1logo intergeneracional sobre las memorias locales; adem\u00e1s de promover pr\u00e1cticas educativas orientadas a la defensa y la ampliaci\u00f3n de los derechos humanos.<\/p>\n<p>Desde diversas c\u00e1tedras, proyectos y espacios institucionales, la Uader viene desarrollando a lo largo de su historia acciones sostenidas orientadas a la construcci\u00f3n de memorias situadas. Un antecedente directo del \u201cColectivo de la Memoria\u201d es la Bicicleteada por la Memoria que impuls\u00f3 la Facultad de Ciencia y Tecnolog\u00eda, con dos ediciones, en los a\u00f1os 2022 y 2024. Esa experiencia deriv\u00f3 en una Pr\u00e1ctica Educativa Territorial que sistematiz\u00f3 un circuito detallado de cada sitio de memoria visitado, con una descripci\u00f3n exhaustiva de lo que all\u00ed ocurri\u00f3 en dictadura.<\/p>\n<p>A su vez, estudiantes de la Facultad de Humanidades, Artes y Ciencias Sociales \u00a0elaboraron el Mapa de la Memoria de Paran\u00e1 en 2023, junto a \u201cLa Solapa\u201d y al Registro \u00danico de la Verdad de Entre R\u00edos. Tambi\u00e9n hay investigaciones sobre sitios represivos de la ciudad y otras actividades que, a\u00f1o tras a\u00f1o como parte de la Agenda M, abordan la tem\u00e1tica con perspectiva universitaria.<\/p>\n<p>\u201cLa memoria social es un proceso din\u00e1mico, conflictivo y situado, que se construye colectivamente a partir de marcas, relatos, silencios y pr\u00e1cticas que se inscriben en los territorios\u201d, se\u00f1alan desde la organizaci\u00f3n de esta propuesta. \u201cLa memoria no es una interpretaci\u00f3n del pasado sino una interpretaci\u00f3n social que se actualiza en el presente, en di\u00e1logo con disputas, identidades y experiencias comunitarias\u201d, a\u00f1aden y enfatizan en que \u201clos recorridos por sitios de memoria constituyen dispositivos pedag\u00f3gicos y pol\u00edticos que permiten interpelar el espacio urbano\u201d.<\/p>\n<p>\u201cEsperamos contribuir a la formaci\u00f3n integral de derechos humanos, generando aprendizajes significativos y promoviendo la apropiaci\u00f3n social de los sitios de memoria, para contrarrestar los discursos negacionistas y potenciar la cultura democr\u00e1tica y la conciencia ciudadana\u201d, expresaron.<\/p>\n<p>\u00a0<\/p>\n<p>De la Redacci\u00f3n de Entre R\u00edos Ahora<\/p>\n<p>\u00a0\u00a0 \u00a0 La Universidad Aut\u00f3noma de Entre R\u00edos (Uader), en el marco de la Agenda M \u201cMujer, Memoria, Malvinas\u201d y con car\u00e1cter especial al cumplirse los 50 a\u00f1os del inicio de la \u00faltima dictadura c\u00edvico-militar en Argentina, lanz\u00f3 una propuesta junto a la Municipalidad de Paran\u00e1 y el Ente Mixto Paran\u00e1 Turismo (Empatur), el \u201cColectivo<\/p>","protected":false},"excerpt":{"rendered":"<div class=\"mh-excerpt\"><p>\u200b\u00a0 \u200b\u00a0 \u200b \u00a0 \u00a0 La Universidad Aut\u00f3noma de Entre R\u00edos (Uader), en el marco de la Agenda M \u201cMujer, Memoria, Malvinas\u201d y con car\u00e1cter <a class=\"mh-excerpt-more\" href=\"https:\/\/fmlibertadfeliciano.com.ar\/?p=3104\" title=\"Inicia su recorrido el \u00abColectivo de la Memoria\u00bb\">[&#8230;]<\/a><\/p>\n<\/div>","protected":false},"author":1,"featured_media":0,"comment_status":"open","ping_status":"open","sticky":false,"template":"","format":"standard","meta":{"footnotes":""},"categories":[1],"tags":[],"class_list":["post-3104","post","type-post","status-publish","format-standard","hentry","category-sin-categoria"],"_links":{"self":[{"href":"https:\/\/fmlibertadfeliciano.com.ar\/index.php?rest_route=\/wp\/v2\/posts\/3104","targetHints":{"allow":["GET"]}}],"collection":[{"href":"https:\/\/fmlibertadfeliciano.com.ar\/index.php?rest_route=\/wp\/v2\/posts"}],"about":[{"href":"https:\/\/fmlibertadfeliciano.com.ar\/index.php?rest_route=\/wp\/v2\/types\/post"}],"author":[{"embeddable":true,"href":"https:\/\/fmlibertadfeliciano.com.ar\/index.php?rest_route=\/wp\/v2\/users\/1"}],"replies":[{"embeddable":true,"href":"https:\/\/fmlibertadfeliciano.com.ar\/index.php?rest_route=%2Fwp%2Fv2%2Fcomments&post=3104"}],"version-history":[{"count":0,"href":"https:\/\/fmlibertadfeliciano.com.ar\/index.php?rest_route=\/wp\/v2\/posts\/3104\/revisions"}],"wp:attachment":[{"href":"https:\/\/fmlibertadfeliciano.com.ar\/index.php?rest_route=%2Fwp%2Fv2%2Fmedia&parent=3104"}],"wp:term":[{"taxonomy":"category","embeddable":true,"href":"https:\/\/fmlibertadfeliciano.com.ar\/index.php?rest_route=%2Fwp%2Fv2%2Fcategories&post=3104"},{"taxonomy":"post_tag","embeddable":true,"href":"https:\/\/fmlibertadfeliciano.com.ar\/index.php?rest_route=%2Fwp%2Fv2%2Ftags&post=3104"}],"curies":[{"name":"wp","href":"https:\/\/api.w.org\/{rel}","templated":true}]}}