{"id":3106,"date":"2026-03-15T14:18:33","date_gmt":"2026-03-15T14:18:33","guid":{"rendered":"https:\/\/fmlibertadfeliciano.com.ar\/?p=3106"},"modified":"2026-03-15T14:18:33","modified_gmt":"2026-03-15T14:18:33","slug":"endometriosis","status":"publish","type":"post","link":"https:\/\/fmlibertadfeliciano.com.ar\/?p=3106","title":{"rendered":"Endometriosis"},"content":{"rendered":"<p>\u200b\u00a0<\/p>\n<p>\u200b\u00a0<\/p>\n<p>\u200b<span class=\"cb-itemprop\"><\/span><\/p>\n<p>\u00a0<\/p>\n<p>\u00a0<\/p>\n<p>\u00a0<\/p>\n<p>En el marco del D\u00eda Mundial de la Endometriosis, que se conmemora cada 14 de marzo, el Ministerio de Salud de Entre R\u00edos inst\u00f3 a la poblaci\u00f3n a no postergar los controles ginecol\u00f3gicos y a consultar ante s\u00edntomas compatibles con esta enfermedad, que afecta aproximadamente a una de cada diez mujeres en edad reproductiva. La endometriosis es una afecci\u00f3n producida por la presencia de tejido endometrial fuera de la cavidad uterina. Puede localizarse en \u00f3rganos de la pelvis o, con menor frecuencia, fuera de ella. Este tejido responde a los est\u00edmulos de las hormonas ov\u00e1ricas de la misma manera que el endometrio normal, lo que genera un proceso de inflamaci\u00f3n cr\u00f3nica que puede derivar en adherencias, alterar la anatom\u00eda del sitio afectado y comprometer el funcionamiento de los \u00f3rganos involucrados. El jefe del Servicio de Ginecolog\u00eda del Hospital San Mart\u00edn de Paran\u00e1, Fabi\u00e1n G\u00f3mez, explic\u00f3 que \u00abentre los s\u00edntomas m\u00e1s frecuentes se encuentran el dolor pelviano cr\u00f3nico, de m\u00e1s de seis meses de duraci\u00f3n, el dolor durante la menstruaci\u00f3n, el dolor en las relaciones sexuales y la subfertilidad o dificultades para lograr un embarazo\u00bb. No obstante, advirti\u00f3 que existen pacientes que cursan la enfermedad sin s\u00edntomas. \u00abCuando la sintomatolog\u00eda es intensa, puede afectar de manera considerable la vida cotidiana\u00bb. El especialista se\u00f1al\u00f3 que la enfermedad no se presenta antes de la primera menstruaci\u00f3n y suele detectarse en mujeres en edad reproductiva, principalmente entre los 30 y 40 a\u00f1os, aunque puede diagnosticarse despu\u00e9s de los 25 a\u00f1os hasta la menopausia. Ante la presencia de s\u00edntomas, recomend\u00f3 realizar una consulta con el ginec\u00f3logo para una evaluaci\u00f3n adecuada. Como estudios complementarios pueden solicitarse ecograf\u00edas, preferentemente transvaginales las cuales, en algunos casos, permiten sospechar la presencia de lesiones, aunque no siempre evidencian im\u00e1genes patol\u00f3gicas. La resonancia magn\u00e9tica tambi\u00e9n resulta \u00fatil ante una sospecha cl\u00ednica con ecograf\u00edas normales y, en determinados cuadros, puede evaluarse la indicaci\u00f3n quir\u00fargica. Respecto del diagn\u00f3stico, indic\u00f3 que la confirmaci\u00f3n definitiva se realiza mediante la observaci\u00f3n directa a trav\u00e9s de una intervenci\u00f3n quir\u00fargica. En muchos casos, la enfermedad se detecta durante cirug\u00edas indicadas por otras causas, ya que no presenta s\u00edntomas exclusivos y puede confundirse con otras patolog\u00edas, lo que retrasa su identificaci\u00f3n. Desde la cartera sanitaria se reitera la importancia de la detecci\u00f3n temprana y se recuerda que, ante la sospecha de s\u00edntomas compatibles, las mujeres deben consultar con su ginec\u00f3logo.<\/p>\n<p>\u00a0<\/p>\n<p>\u00a0<\/p>\n<p>De la Redacci\u00f3n de Entre R\u00edos Ahora<\/p>\n<p>\u00a0\u00a0 \u00a0 \u00a0 En el marco del D\u00eda Mundial de la Endometriosis, que se conmemora cada 14 de marzo, el Ministerio de Salud de Entre R\u00edos inst\u00f3 a la poblaci\u00f3n a no postergar los controles ginecol\u00f3gicos y a consultar ante s\u00edntomas compatibles con esta enfermedad, que afecta aproximadamente a una de cada diez mujeres en<\/p>","protected":false},"excerpt":{"rendered":"<div class=\"mh-excerpt\"><p>\u200b\u00a0 \u200b\u00a0 \u200b \u00a0 \u00a0 \u00a0 En el marco del D\u00eda Mundial de la Endometriosis, que se conmemora cada 14 de marzo, el Ministerio de <a class=\"mh-excerpt-more\" href=\"https:\/\/fmlibertadfeliciano.com.ar\/?p=3106\" title=\"Endometriosis\">[&#8230;]<\/a><\/p>\n<\/div>","protected":false},"author":1,"featured_media":0,"comment_status":"open","ping_status":"open","sticky":false,"template":"","format":"standard","meta":{"footnotes":""},"categories":[1],"tags":[],"class_list":["post-3106","post","type-post","status-publish","format-standard","hentry","category-sin-categoria"],"_links":{"self":[{"href":"https:\/\/fmlibertadfeliciano.com.ar\/index.php?rest_route=\/wp\/v2\/posts\/3106","targetHints":{"allow":["GET"]}}],"collection":[{"href":"https:\/\/fmlibertadfeliciano.com.ar\/index.php?rest_route=\/wp\/v2\/posts"}],"about":[{"href":"https:\/\/fmlibertadfeliciano.com.ar\/index.php?rest_route=\/wp\/v2\/types\/post"}],"author":[{"embeddable":true,"href":"https:\/\/fmlibertadfeliciano.com.ar\/index.php?rest_route=\/wp\/v2\/users\/1"}],"replies":[{"embeddable":true,"href":"https:\/\/fmlibertadfeliciano.com.ar\/index.php?rest_route=%2Fwp%2Fv2%2Fcomments&post=3106"}],"version-history":[{"count":0,"href":"https:\/\/fmlibertadfeliciano.com.ar\/index.php?rest_route=\/wp\/v2\/posts\/3106\/revisions"}],"wp:attachment":[{"href":"https:\/\/fmlibertadfeliciano.com.ar\/index.php?rest_route=%2Fwp%2Fv2%2Fmedia&parent=3106"}],"wp:term":[{"taxonomy":"category","embeddable":true,"href":"https:\/\/fmlibertadfeliciano.com.ar\/index.php?rest_route=%2Fwp%2Fv2%2Fcategories&post=3106"},{"taxonomy":"post_tag","embeddable":true,"href":"https:\/\/fmlibertadfeliciano.com.ar\/index.php?rest_route=%2Fwp%2Fv2%2Ftags&post=3106"}],"curies":[{"name":"wp","href":"https:\/\/api.w.org\/{rel}","templated":true}]}}