{"id":3107,"date":"2026-03-15T01:59:31","date_gmt":"2026-03-15T01:59:31","guid":{"rendered":"https:\/\/fmlibertadfeliciano.com.ar\/?p=3107"},"modified":"2026-03-15T01:59:31","modified_gmt":"2026-03-15T01:59:31","slug":"automotor","status":"publish","type":"post","link":"https:\/\/fmlibertadfeliciano.com.ar\/?p=3107","title":{"rendered":"Automotor"},"content":{"rendered":"<p>\u200b\u00a0<\/p>\n<p>\u200b\u00a0<\/p>\n<p>\u200b<span class=\"cb-itemprop\"><\/span><\/p>\n<p>\u00a0<\/p>\n<p>\u00a0<\/p>\n<p>La Administradora Tributaria de Entre R\u00edos (ATER) extendi\u00f3 al 8 y 9 de abril los vencimientos correspondientes al Pago \u00danico Anual y a la primera cuota del Impuesto Automotor 2026. Adem\u00e1s, destac\u00f3 que, a trav\u00e9s de un esfuerzo de la provincia, se implementar\u00e1 la modalidad de pago en cinco cuotas a lo largo del a\u00f1o, sin incrementos, con el objetivo de facilitar el cumplimiento de los contribuyentes. Desde el organismo anunciaron que el pago en cinco cuotas no representa un aumento en el monto anual por cada veh\u00edculo. La medida solo implica una distribuci\u00f3n del pago en m\u00e1s vencimientos, con el objetivo de facilitar el cumplimiento tributario sin generar una carga adicional para los contribuyentes. En lo que respecta a las nuevas fechas, estas operar\u00e1n seg\u00fan el siguiente esquema de terminaci\u00f3n del \u00faltimo n\u00famero de la patente: las terminaciones 0 al 4 vencer\u00e1n el 8 de abril, mientras que las terminaciones 5 al 9 lo har\u00e1n el 9 de abril. Para quienes opten por el pago en cuotas, el cronograma continuar\u00e1 seg\u00fan el calendario establecido: la segunda cuota vencer\u00e1 el 15 y 18 de mayo; la tercera, el 15 y 16 de julio; la cuarta, el 15 y 16 de septiembre; y la quinta, el 17 y 18 de noviembre de 2026. De este modo, el calendario de pagos se extiende hasta noviembre, permitiendo organizar el cumplimiento de la obligaci\u00f3n a lo largo del a\u00f1o.<\/p>\n<p>\u00a0<\/p>\n<p>\u00a0<\/p>\n<p>De la Redacci\u00f3n de Entre R\u00edos Ahora<\/p>\n<p>\u00a0\u00a0 \u00a0 La Administradora Tributaria de Entre R\u00edos (ATER) extendi\u00f3 al 8 y 9 de abril los vencimientos correspondientes al Pago \u00danico Anual y a la primera cuota del Impuesto Automotor 2026. Adem\u00e1s, destac\u00f3 que, a trav\u00e9s de un esfuerzo de la provincia, se implementar\u00e1 la modalidad de pago en cinco cuotas a lo largo<\/p>","protected":false},"excerpt":{"rendered":"<div class=\"mh-excerpt\"><p>\u200b\u00a0 \u200b\u00a0 \u200b \u00a0 \u00a0 La Administradora Tributaria de Entre R\u00edos (ATER) extendi\u00f3 al 8 y 9 de abril los vencimientos correspondientes al Pago \u00danico <a class=\"mh-excerpt-more\" href=\"https:\/\/fmlibertadfeliciano.com.ar\/?p=3107\" title=\"Automotor\">[&#8230;]<\/a><\/p>\n<\/div>","protected":false},"author":1,"featured_media":0,"comment_status":"open","ping_status":"open","sticky":false,"template":"","format":"standard","meta":{"footnotes":""},"categories":[1],"tags":[],"class_list":["post-3107","post","type-post","status-publish","format-standard","hentry","category-sin-categoria"],"_links":{"self":[{"href":"https:\/\/fmlibertadfeliciano.com.ar\/index.php?rest_route=\/wp\/v2\/posts\/3107","targetHints":{"allow":["GET"]}}],"collection":[{"href":"https:\/\/fmlibertadfeliciano.com.ar\/index.php?rest_route=\/wp\/v2\/posts"}],"about":[{"href":"https:\/\/fmlibertadfeliciano.com.ar\/index.php?rest_route=\/wp\/v2\/types\/post"}],"author":[{"embeddable":true,"href":"https:\/\/fmlibertadfeliciano.com.ar\/index.php?rest_route=\/wp\/v2\/users\/1"}],"replies":[{"embeddable":true,"href":"https:\/\/fmlibertadfeliciano.com.ar\/index.php?rest_route=%2Fwp%2Fv2%2Fcomments&post=3107"}],"version-history":[{"count":0,"href":"https:\/\/fmlibertadfeliciano.com.ar\/index.php?rest_route=\/wp\/v2\/posts\/3107\/revisions"}],"wp:attachment":[{"href":"https:\/\/fmlibertadfeliciano.com.ar\/index.php?rest_route=%2Fwp%2Fv2%2Fmedia&parent=3107"}],"wp:term":[{"taxonomy":"category","embeddable":true,"href":"https:\/\/fmlibertadfeliciano.com.ar\/index.php?rest_route=%2Fwp%2Fv2%2Fcategories&post=3107"},{"taxonomy":"post_tag","embeddable":true,"href":"https:\/\/fmlibertadfeliciano.com.ar\/index.php?rest_route=%2Fwp%2Fv2%2Ftags&post=3107"}],"curies":[{"name":"wp","href":"https:\/\/api.w.org\/{rel}","templated":true}]}}