{"id":3108,"date":"2026-03-15T01:53:21","date_gmt":"2026-03-15T01:53:21","guid":{"rendered":"https:\/\/fmlibertadfeliciano.com.ar\/?p=3108"},"modified":"2026-03-15T01:53:21","modified_gmt":"2026-03-15T01:53:21","slug":"mateada","status":"publish","type":"post","link":"https:\/\/fmlibertadfeliciano.com.ar\/?p=3108","title":{"rendered":"Mateada"},"content":{"rendered":"<p>\u200b\u00a0<\/p>\n<p>\u200b\u00a0<\/p>\n<p>\u200b<span class=\"cb-itemprop\"><\/span><\/p>\n<p>\u00a0<\/p>\n<p>\u00a0<\/p>\n<p>Las visitas del gobernador Rogelio Frigerio a distintos puntos de la provincia se han convertido en escenario para el reclamo docente luego del fracaso de la negociaci\u00f3n paritaria salarial. La seccional Paran\u00e1 de la Asociaci\u00f3n Gremial del Magisterio de Entre R\u00edos (Agmer) fue a su encuentro en Estaci\u00f3n Sosa; antes, hab\u00eda hecho lo mismo la seccional Uruguay; y este lunes lo har\u00e1 la seccional Col\u00f3n. \u00abEl Gobernador vendr\u00e1 a una reuni\u00f3n, junto a funcionarios nacionales, provinciales, departamentales y representantes de la comunidad, para analizar el proyecto de instalaci\u00f3n de la Refiner\u00eda de Combustible en el R\u00edo Uruguay. Vamos toda la comunidad unida a hacernos o\u00edr\u00bb, dice la convocatoria. Y para eso habr\u00e1 una \u00abmateada\u00bb. La denominaron \u00abMateada para esperar al Gobernador\u00bb. Ser\u00e1 este lunes, a las 17,30, en Alem 588, de Col\u00f3n.<\/p>\n<p>\u00a0<\/p>\n<p>\u00a0<\/p>\n<p>\u00a0<\/p>\n<p>De la Redacci\u00f3n de Entre R\u00edos Ahora<\/p>\n<p>\u00a0\u00a0 \u00a0 Las visitas del gobernador Rogelio Frigerio a distintos puntos de la provincia se han convertido en escenario para el reclamo docente luego del fracaso de la negociaci\u00f3n paritaria salarial. La seccional Paran\u00e1 de la Asociaci\u00f3n Gremial del Magisterio de Entre R\u00edos (Agmer) fue a su encuentro en Estaci\u00f3n Sosa; antes, hab\u00eda hecho lo<\/p>","protected":false},"excerpt":{"rendered":"<div class=\"mh-excerpt\"><p>\u200b\u00a0 \u200b\u00a0 \u200b \u00a0 \u00a0 Las visitas del gobernador Rogelio Frigerio a distintos puntos de la provincia se han convertido en escenario para el reclamo <a class=\"mh-excerpt-more\" href=\"https:\/\/fmlibertadfeliciano.com.ar\/?p=3108\" title=\"Mateada\">[&#8230;]<\/a><\/p>\n<\/div>","protected":false},"author":1,"featured_media":0,"comment_status":"open","ping_status":"open","sticky":false,"template":"","format":"standard","meta":{"footnotes":""},"categories":[1],"tags":[],"class_list":["post-3108","post","type-post","status-publish","format-standard","hentry","category-sin-categoria"],"_links":{"self":[{"href":"https:\/\/fmlibertadfeliciano.com.ar\/index.php?rest_route=\/wp\/v2\/posts\/3108","targetHints":{"allow":["GET"]}}],"collection":[{"href":"https:\/\/fmlibertadfeliciano.com.ar\/index.php?rest_route=\/wp\/v2\/posts"}],"about":[{"href":"https:\/\/fmlibertadfeliciano.com.ar\/index.php?rest_route=\/wp\/v2\/types\/post"}],"author":[{"embeddable":true,"href":"https:\/\/fmlibertadfeliciano.com.ar\/index.php?rest_route=\/wp\/v2\/users\/1"}],"replies":[{"embeddable":true,"href":"https:\/\/fmlibertadfeliciano.com.ar\/index.php?rest_route=%2Fwp%2Fv2%2Fcomments&post=3108"}],"version-history":[{"count":0,"href":"https:\/\/fmlibertadfeliciano.com.ar\/index.php?rest_route=\/wp\/v2\/posts\/3108\/revisions"}],"wp:attachment":[{"href":"https:\/\/fmlibertadfeliciano.com.ar\/index.php?rest_route=%2Fwp%2Fv2%2Fmedia&parent=3108"}],"wp:term":[{"taxonomy":"category","embeddable":true,"href":"https:\/\/fmlibertadfeliciano.com.ar\/index.php?rest_route=%2Fwp%2Fv2%2Fcategories&post=3108"},{"taxonomy":"post_tag","embeddable":true,"href":"https:\/\/fmlibertadfeliciano.com.ar\/index.php?rest_route=%2Fwp%2Fv2%2Ftags&post=3108"}],"curies":[{"name":"wp","href":"https:\/\/api.w.org\/{rel}","templated":true}]}}