{"id":3109,"date":"2026-03-15T01:29:18","date_gmt":"2026-03-15T01:29:18","guid":{"rendered":"https:\/\/fmlibertadfeliciano.com.ar\/?p=3109"},"modified":"2026-03-15T01:29:18","modified_gmt":"2026-03-15T01:29:18","slug":"tiene-22-anos-es-profesor-en-geografia-y-gano-beca-doctoral-de-conicet","status":"publish","type":"post","link":"https:\/\/fmlibertadfeliciano.com.ar\/?p=3109","title":{"rendered":"Tiene 22 a\u00f1os, es profesor en Geograf\u00eda y gan\u00f3 beca doctoral de Conicet"},"content":{"rendered":"<p>\u200b\u00a0<\/p>\n<p>\u200b\u00a0<\/p>\n<p>\u200b<span class=\"cb-itemprop\"><\/span><\/p>\n<p>\u00a0<\/p>\n<p>Emanuel Sch\u00f6nfeld lleg\u00f3 de Lucas Gonz\u00e1lez a Paran\u00e1 en 2021, en medio de la pandemia y ese primer a\u00f1o curs\u00f3 la carrera de Geograf\u00eda en forma virtual. En diciembre de 2025 obtuvo el t\u00edtulo de profesor en Geograf\u00eda, aunque ya desde el a\u00f1o pasado tiene horas a cargo en dos colegios privados de la ciudad: Galileo Galilei y Plaza Mayor. Tiene 22 a\u00f1os.<\/p>\n<p>Se adapt\u00f3 r\u00e1pidamente a sus alumnos, conformado por adolescentes de primer a\u00f1o, con una formaci\u00f3n que plantea la ense\u00f1anza de la Geograf\u00eda desde un costado m\u00e1s din\u00e1mico y actual. \u201cA pesar de que tengo 22 a\u00f1os, trabajo muy bien con mis alumnos. Adem\u00e1s, por ah\u00ed lo que tienen muchas escuelas es que apuntan a profesores con perfiles m\u00e1s j\u00f3venes, que por ah\u00ed vienen con otras ideas m\u00e1s renovadas, y es lo que hoy en d\u00eda se necesita, porque nuestros gurises cada vez est\u00e1n m\u00e1s familiarizados o integrados con la tecnolog\u00eda\u201d, cuenta.<\/p>\n<p>\u201cMe considero que soy de esos profes piolas, trato de caer siempre bien a los gurises, y esto de tener poca diferencia de edad, podr\u00edamos decir, ayuda o contribuye un mont\u00f3n\u201d, destaca.<\/p>\n<p>Despu\u00e9s de transitar la primaria y la secundaria en Lucas Gonz\u00e1lez, departamento Nogoy\u00e1, y el profesorado de Geograf\u00eda en la Facultad de Humanidades de la Universidad Aut\u00f3noma de Entre R\u00edos (Uader) se postul\u00f3 para una beca doctoral en el Consejo Nacional de Investigaciones Cient\u00edficas y T\u00e9cnicas (Conicet), y la gan\u00f3. Se ir\u00e1 a cursar el Doctorado en Geograf\u00eda a la Universidad Nacional de La Plata, y si todo marcha bien, a los 28 a\u00f1os piensa convertirse en Doctor en Geograf\u00eda.<\/p>\n<p>\u201cUn doctorado es un posgrado. Lo que te habilita a iniciar tus estudios doctorales es tener previamente un t\u00edtulo de grado. En este caso, yo entr\u00e9 a Conicet con el t\u00edtulo de profesor en Geograf\u00eda, que como lo otorga una universidades considerado de grado\u201d, detalla.<\/p>\n<p><em>\u00a0-\u00bfY vas a ser doctor en Geograf\u00eda? \u00bfTe vas a La Plata en abril? <\/em><\/p>\n<p>-S\u00ed, en Semana Santa, ya en mitad de abril, iniciar\u00eda a trabajar junto con mis directoras. Estoy haciendo las valijas, muy entusiasmado de empezar esta etapa.<\/p>\n<p><em>-No es muy com\u00fan que un chico de 22 a\u00f1os obtenga una beca doctoral.<\/em><\/p>\n<p>-No, la verdad que no es muy com\u00fan. Incluso, conozco colegas que han postulado hace varios a\u00f1os y al cabo de un par de a\u00f1os reci\u00e9n sale la beca. Me considero bastante afortunado porque, a los 22 y en el primer intento ya sali\u00f3 la beca.<\/p>\n<p><em>-\u00bfLa beca es para profundizar estudios que ya has iniciado?<\/em><\/p>\n<p>-Pretendo seguir trabajando en la investigaci\u00f3n que inici\u00e9. Estoy investigando la cuesti\u00f3n topon\u00edmica, de cuando Argentina se estaba conformando como Estado argentino, es decir, fines del siglo XIX, \u00a0a\u00f1o 1880, contexto de las campa\u00f1as del desierto o el genocidio perpetuado contra los pueblos originarios. Por esa \u00e9poca, empezaron a aparecer las primeras cartograf\u00edas oficiales de esta creciente Naci\u00f3n. En la campa\u00f1a del desierto, el Estado empez\u00f3 a avanzar sobre lo que hoy es la Patagonia argentina y fue haciendo que estos pueblos originarios vayan en cierta medida desapareciendo. Entonces, mi idea es que, con estos estudios de toponimia que pretendo realizar, resignificar esos nombres de lugares, principalmente de pueblos originarios, que han sido marginalizados, o que no han sido tenidos en cuenta, o que han sido omitidos o traducidos, y que no formaban parte de este nuevo proyecto nacional. Y a su vez, ver qu\u00e9 dec\u00edan esas sociedades, instituciones geogr\u00e1ficas que surgieron en este contexto hist\u00f3rico, respecto de las pol\u00edticas topon\u00edmicas. Entonces, va por ese lado mi l\u00ednea de investigaci\u00f3n.<\/p>\n<p><em>-\u00bfEn qu\u00e9 tiempo pens\u00e1s que pod\u00e9s convertirte en doctor? <\/em><\/p>\n<p>-Y se supone que para el a\u00f1o 2031, que es cuando finaliza la beca y si uno la hace al d\u00eda, como corresponde, ya obtendr\u00eda el Doctorado. Si es que todo fluye como uno espera, calculo que para los 27 a\u00f1os ya me estar\u00eda doctorando.<\/p>\n<p><em>-\u00bfEse es tu techo o es un camino? <\/em><\/p>\n<p>-No, es un camino. Pretendo seguir estudiando y seguir form\u00e1ndome.<\/p>\n<p>Durante su formaci\u00f3n particip\u00f3 activamente en distintos espacios acad\u00e9micos de la Facultad de Humanidades de Uader: fue tutor de pares en los cursos de ingreso 2024 y 2025, se desempe\u00f1\u00f3 como docente auxiliar alumno en c\u00e1tedras de la carrera, form\u00f3 parte de proyectos de investigaci\u00f3n y actualmente integra el equipo que aborda los espacios de memoria de Paran\u00e1 vinculados a la \u00faltima dictadura c\u00edvico-militar.<\/p>\n<p>Dice que el acceso a esta beca representa una instancia formativa clave en su recorrido acad\u00e9mico. \u201cHacer un doctorado ya es una instancia de formaci\u00f3n muy importante, pero poder hacerlo con una beca del Coniet, teniendo en cuenta la trayectoria que tiene este organismo en la ciencia argentina, le da a\u00fan mayor relevancia. Para m\u00ed es un orgullo haber ingresado y una meta cumplida\u201d, expres\u00f3.<\/p>\n<p><img loading=\"lazy\" decoding=\"async\" class=\"alignnone wp-image-154520 size-full\" src=\"https:\/\/entreriosahora.com\/wp-content\/uploads\/2026\/03\/ema.jpg\" alt=\"\" width=\"853\" height=\"1280\" \/><\/p>\n<p><strong>Investigar los nombres de los lugares<\/strong><\/p>\n<p>El proyecto doctoral de Sch\u00f6nfeld se orientar\u00e1 al estudio de la pol\u00edtica topon\u00edmica implementada por el Estado argentino desde fines del siglo XIX, con el objetivo de reconstruir los procesos a trav\u00e9s de los cuales se establecieron los nombres de los lugares en la cartograf\u00eda oficial. \u201cUn top\u00f3nimo hace referencia a los nombres de los lugares. Son palabras cargadas de sentidos, significados y memorias que se le otorgan a un espacio determinado\u201d, explic\u00f3.<\/p>\n<p>A partir de este enfoque, su investigaci\u00f3n buscar\u00e1 analizar c\u00f3mo determinados nombres fueron modificados, traducidos u omitidos durante el proceso de conformaci\u00f3n del Estado nacional y de construcci\u00f3n de su cartograf\u00eda oficial. \u201cEl proyecto busca reconstruir esos nombres de lugares que fueron eliminados o transformados en la cartograf\u00eda oficial cuando el Estado argentino se estaba consolidando como tal\u201d, se\u00f1al\u00f3.<\/p>\n<p>En relaci\u00f3n a la relevancia para la Geograf\u00eda, remarc\u00f3 que se trata de un campo de estudio que dialoga con otras disciplinas. \u201cResignificar estos espacios y recuperar los nombres que circulan en ellos es algo que trasciende a la geograf\u00eda y tambi\u00e9n involucra a disciplinas como la historia\u201d, indic\u00f3.<\/p>\n<p>El inter\u00e9s del investigador por esta tem\u00e1tica comenz\u00f3 a delinearse durante su formaci\u00f3n universitaria, a partir del di\u00e1logo con docentes e investigadores y de su inter\u00e9s por problem\u00e1ticas vinculadas con los pueblos originarios y la memoria territorial. \u201cYo quer\u00eda investigar algo vinculado con los pueblos originarios y trabajar cuestiones topon\u00edmicas. A partir del contacto con quien hoy es mi directora de beca fuimos ampliando el enfoque para pensarlo tambi\u00e9n a escala nacional, en relaci\u00f3n con la cartograf\u00eda hist\u00f3rica y la conformaci\u00f3n del Estado argentino\u201d, explic\u00f3.<\/p>\n<p><img loading=\"lazy\" decoding=\"async\" class=\"alignnone wp-image-154521 size-large\" src=\"https:\/\/entreriosahora.com\/wp-content\/uploads\/2026\/03\/ema1-682x1024.jpg\" alt=\"\" width=\"682\" height=\"1024\" \/><\/p>\n<p>En ese sentido, destac\u00f3 que se trata de un campo de investigaci\u00f3n a\u00fan poco explorado en el pa\u00eds. \u201cSon muy pocas las personas que trabajan cuestiones topon\u00edmicas en Argentina, por lo que hay mucho por investigar y reconstruir\u201d, plante\u00f3.<\/p>\n<p>La beca doctoral se desarrollar\u00e1 en el Instituto de Investigaciones en Historia, Teor\u00eda y Praxis de la Arquitectura y la Ciudad, perteneciente a la Facultad de Arquitectura y Urbanismo de la Universidad Nacional de La Plata, bajo la direcci\u00f3n de Malena Mazzitelli Mastricchio y la codirecci\u00f3n de Ana G\u00f3mez Pintus<\/p>\n<p>\u00a0<\/p>\n<p>\u00a0<\/p>\n<p>Fotos: Nicol\u00e1s Bourlot<\/p>\n<p>De la Redacci\u00f3n de Entre R\u00edos Ahora<\/p>\n<p>\u00a0\u00a0 Emanuel Sch\u00f6nfeld lleg\u00f3 de Lucas Gonz\u00e1lez a Paran\u00e1 en 2021, en medio de la pandemia y ese primer a\u00f1o curs\u00f3 la carrera de Geograf\u00eda en forma virtual. En diciembre de 2025 obtuvo el t\u00edtulo de profesor en Geograf\u00eda, aunque ya desde el a\u00f1o pasado tiene horas a cargo en dos colegios privados de la<\/p>","protected":false},"excerpt":{"rendered":"<div class=\"mh-excerpt\"><p>\u200b\u00a0 \u200b\u00a0 \u200b \u00a0 Emanuel Sch\u00f6nfeld lleg\u00f3 de Lucas Gonz\u00e1lez a Paran\u00e1 en 2021, en medio de la pandemia y ese primer a\u00f1o curs\u00f3 la <a class=\"mh-excerpt-more\" href=\"https:\/\/fmlibertadfeliciano.com.ar\/?p=3109\" title=\"Tiene 22 a\u00f1os, es profesor en Geograf\u00eda y gan\u00f3 beca doctoral de Conicet\">[&#8230;]<\/a><\/p>\n<\/div>","protected":false},"author":1,"featured_media":3110,"comment_status":"open","ping_status":"open","sticky":false,"template":"","format":"standard","meta":{"footnotes":""},"categories":[1],"tags":[],"class_list":["post-3109","post","type-post","status-publish","format-standard","has-post-thumbnail","hentry","category-sin-categoria"],"_links":{"self":[{"href":"https:\/\/fmlibertadfeliciano.com.ar\/index.php?rest_route=\/wp\/v2\/posts\/3109","targetHints":{"allow":["GET"]}}],"collection":[{"href":"https:\/\/fmlibertadfeliciano.com.ar\/index.php?rest_route=\/wp\/v2\/posts"}],"about":[{"href":"https:\/\/fmlibertadfeliciano.com.ar\/index.php?rest_route=\/wp\/v2\/types\/post"}],"author":[{"embeddable":true,"href":"https:\/\/fmlibertadfeliciano.com.ar\/index.php?rest_route=\/wp\/v2\/users\/1"}],"replies":[{"embeddable":true,"href":"https:\/\/fmlibertadfeliciano.com.ar\/index.php?rest_route=%2Fwp%2Fv2%2Fcomments&post=3109"}],"version-history":[{"count":0,"href":"https:\/\/fmlibertadfeliciano.com.ar\/index.php?rest_route=\/wp\/v2\/posts\/3109\/revisions"}],"wp:featuredmedia":[{"embeddable":true,"href":"https:\/\/fmlibertadfeliciano.com.ar\/index.php?rest_route=\/wp\/v2\/media\/3110"}],"wp:attachment":[{"href":"https:\/\/fmlibertadfeliciano.com.ar\/index.php?rest_route=%2Fwp%2Fv2%2Fmedia&parent=3109"}],"wp:term":[{"taxonomy":"category","embeddable":true,"href":"https:\/\/fmlibertadfeliciano.com.ar\/index.php?rest_route=%2Fwp%2Fv2%2Fcategories&post=3109"},{"taxonomy":"post_tag","embeddable":true,"href":"https:\/\/fmlibertadfeliciano.com.ar\/index.php?rest_route=%2Fwp%2Fv2%2Ftags&post=3109"}],"curies":[{"name":"wp","href":"https:\/\/api.w.org\/{rel}","templated":true}]}}