{"id":3429,"date":"2026-04-25T14:15:02","date_gmt":"2026-04-25T14:15:02","guid":{"rendered":"https:\/\/fmlibertadfeliciano.com.ar\/?p=3429"},"modified":"2026-04-25T14:15:02","modified_gmt":"2026-04-25T14:15:02","slug":"kicillof-asumio-la-conduccion-del-pj-bonaerense-y-llamo-a-ponerse-de-acuerdo-en-puntos-comunes","status":"publish","type":"post","link":"https:\/\/fmlibertadfeliciano.com.ar\/?p=3429","title":{"rendered":"Kicillof asumi\u00f3 la conducci\u00f3n del PJ bonaerense y llam\u00f3 a \u00abponerse de acuerdo en puntos comunes\u00bb"},"content":{"rendered":"<p>\u200b\u00a0<\/p>\n<p>\u200b\u00a0<\/p>\n<p>\u200b<\/p>\n<figure>\n                        <img decoding=\"async\" src=\"https:\/\/apfdigital-s3.cdn.net.ar\/s3i233\/2026\/04\/apfdigital\/images\/02\/56\/86\/2568697_e36b4d85d1974d2be8c73826eca9effd49b16bb8d40a3f0e2bba9ba44b65bfd9\/md.webp\" alt=\"\" class=\"type:primaryImage\" \/><figcaption><\/figcaption><\/figure>\n<p>\u00a0El gobernador encabez\u00f3 la primera reuni\u00f3n del Consejo Provincial en La Plata, donde se formalizaron las autoridades partidarias, se lanz\u00f3 una campa\u00f1a de afiliaci\u00f3n y se aprob\u00f3 un comunicado que repudia la condena a Cristina Kirchner y exige fondos nacionales para la provincia.<\/p>","protected":false},"excerpt":{"rendered":"<div class=\"mh-excerpt\"><p>\u200b\u00a0 \u200b\u00a0 \u200b \u00a0El gobernador encabez\u00f3 la primera reuni\u00f3n del Consejo Provincial en La Plata, donde se formalizaron las autoridades partidarias, se lanz\u00f3 una campa\u00f1a <a class=\"mh-excerpt-more\" href=\"https:\/\/fmlibertadfeliciano.com.ar\/?p=3429\" title=\"Kicillof asumi\u00f3 la conducci\u00f3n del PJ bonaerense y llam\u00f3 a \u00abponerse de acuerdo en puntos comunes\u00bb\">[&#8230;]<\/a><\/p>\n<\/div>","protected":false},"author":1,"featured_media":3430,"comment_status":"open","ping_status":"open","sticky":false,"template":"","format":"standard","meta":{"footnotes":""},"categories":[1],"tags":[],"class_list":["post-3429","post","type-post","status-publish","format-standard","has-post-thumbnail","hentry","category-sin-categoria"],"_links":{"self":[{"href":"https:\/\/fmlibertadfeliciano.com.ar\/index.php?rest_route=\/wp\/v2\/posts\/3429","targetHints":{"allow":["GET"]}}],"collection":[{"href":"https:\/\/fmlibertadfeliciano.com.ar\/index.php?rest_route=\/wp\/v2\/posts"}],"about":[{"href":"https:\/\/fmlibertadfeliciano.com.ar\/index.php?rest_route=\/wp\/v2\/types\/post"}],"author":[{"embeddable":true,"href":"https:\/\/fmlibertadfeliciano.com.ar\/index.php?rest_route=\/wp\/v2\/users\/1"}],"replies":[{"embeddable":true,"href":"https:\/\/fmlibertadfeliciano.com.ar\/index.php?rest_route=%2Fwp%2Fv2%2Fcomments&post=3429"}],"version-history":[{"count":0,"href":"https:\/\/fmlibertadfeliciano.com.ar\/index.php?rest_route=\/wp\/v2\/posts\/3429\/revisions"}],"wp:featuredmedia":[{"embeddable":true,"href":"https:\/\/fmlibertadfeliciano.com.ar\/index.php?rest_route=\/wp\/v2\/media\/3430"}],"wp:attachment":[{"href":"https:\/\/fmlibertadfeliciano.com.ar\/index.php?rest_route=%2Fwp%2Fv2%2Fmedia&parent=3429"}],"wp:term":[{"taxonomy":"category","embeddable":true,"href":"https:\/\/fmlibertadfeliciano.com.ar\/index.php?rest_route=%2Fwp%2Fv2%2Fcategories&post=3429"},{"taxonomy":"post_tag","embeddable":true,"href":"https:\/\/fmlibertadfeliciano.com.ar\/index.php?rest_route=%2Fwp%2Fv2%2Ftags&post=3429"}],"curies":[{"name":"wp","href":"https:\/\/api.w.org\/{rel}","templated":true}]}}