{"id":3431,"date":"2026-04-25T03:02:27","date_gmt":"2026-04-25T03:02:27","guid":{"rendered":"https:\/\/fmlibertadfeliciano.com.ar\/?p=3431"},"modified":"2026-04-25T03:02:27","modified_gmt":"2026-04-25T03:02:27","slug":"proyectan-secuencias-de-amarcord-en-humanidades","status":"publish","type":"post","link":"https:\/\/fmlibertadfeliciano.com.ar\/?p=3431","title":{"rendered":"Proyectan secuencias de \u00abAmarcord\u00bb en Humanidades"},"content":{"rendered":"<p>\u200b\u00a0<\/p>\n<p>\u200b\u00a0<\/p>\n<p>\u200b<span class=\"cb-itemprop\"><\/span><\/p>\n<p>\u00a0<\/p>\n<p>\u00a0<\/p>\n<p>El pr\u00f3ximo lunes 27, a partir de las 18, en la Biblioteca \u00abCelia Montoya\u00bb de la Facultad de Humanidades, Artes y Ciencias Sociales de la UADER, ubicada en el subsuelo de la Escuela Normal \u00abJos\u00e9 Mar\u00eda Torres\u00bb, se proyectar\u00e1n secuencias seleccionadas del film \u00abAmarcord\u00bb, de Federico Fellini.<\/p>\n<p>En su pel\u00edcula de 1973, el aclamado director cuenta sus a\u00f1os de adolescente en su R\u00edmini natal, en un registro entre po\u00e9tico y realista. Luego de la proyecci\u00f3n, se abordar\u00e1 el film desde las perspectivas del lenguaje cinematogr\u00e1fico y del psicoan\u00e1lisis, para reflexionar sobre los complejos mecanismos de la construcci\u00f3n de la memoria.<\/p>\n<p>Estar\u00e1n a cargo de la actividad los docentes de la Facultad de Humanidades de Uader, N\u00e9stor Aliani, docente de la c\u00e1tedra de Psicopatolog\u00eda Cl\u00ednica 1, de la Licenciatura en Psicolog\u00eda y Alberto Daniel Anunziato, docente de la c\u00e1tedra de Civilizaci\u00f3n Italiana III.<\/p>\n<p>Esta actividad es\u00a0 libre y gratuita y est\u00e1 dirigida a todo p\u00fablico.<\/p>\n<p>\u00a0<\/p>\n<p>\u00a0<\/p>\n<p>De la Redacci\u00f3n de Entre R\u00edos Ahora<\/p>\n<p>\u00a0\u00a0 \u00a0 El pr\u00f3ximo lunes 27, a partir de las 18, en la Biblioteca \u00abCelia Montoya\u00bb de la Facultad de Humanidades, Artes y Ciencias Sociales de la UADER, ubicada en el subsuelo de la Escuela Normal \u00abJos\u00e9 Mar\u00eda Torres\u00bb, se proyectar\u00e1n secuencias seleccionadas del film \u00abAmarcord\u00bb, de Federico Fellini. En su pel\u00edcula de 1973, el<\/p>","protected":false},"excerpt":{"rendered":"<div class=\"mh-excerpt\"><p>\u200b\u00a0 \u200b\u00a0 \u200b \u00a0 \u00a0 El pr\u00f3ximo lunes 27, a partir de las 18, en la Biblioteca \u00abCelia Montoya\u00bb de la Facultad de Humanidades, Artes <a class=\"mh-excerpt-more\" href=\"https:\/\/fmlibertadfeliciano.com.ar\/?p=3431\" title=\"Proyectan secuencias de \u00abAmarcord\u00bb en Humanidades\">[&#8230;]<\/a><\/p>\n<\/div>","protected":false},"author":1,"featured_media":0,"comment_status":"open","ping_status":"open","sticky":false,"template":"","format":"standard","meta":{"footnotes":""},"categories":[1],"tags":[],"class_list":["post-3431","post","type-post","status-publish","format-standard","hentry","category-sin-categoria"],"_links":{"self":[{"href":"https:\/\/fmlibertadfeliciano.com.ar\/index.php?rest_route=\/wp\/v2\/posts\/3431","targetHints":{"allow":["GET"]}}],"collection":[{"href":"https:\/\/fmlibertadfeliciano.com.ar\/index.php?rest_route=\/wp\/v2\/posts"}],"about":[{"href":"https:\/\/fmlibertadfeliciano.com.ar\/index.php?rest_route=\/wp\/v2\/types\/post"}],"author":[{"embeddable":true,"href":"https:\/\/fmlibertadfeliciano.com.ar\/index.php?rest_route=\/wp\/v2\/users\/1"}],"replies":[{"embeddable":true,"href":"https:\/\/fmlibertadfeliciano.com.ar\/index.php?rest_route=%2Fwp%2Fv2%2Fcomments&post=3431"}],"version-history":[{"count":0,"href":"https:\/\/fmlibertadfeliciano.com.ar\/index.php?rest_route=\/wp\/v2\/posts\/3431\/revisions"}],"wp:attachment":[{"href":"https:\/\/fmlibertadfeliciano.com.ar\/index.php?rest_route=%2Fwp%2Fv2%2Fmedia&parent=3431"}],"wp:term":[{"taxonomy":"category","embeddable":true,"href":"https:\/\/fmlibertadfeliciano.com.ar\/index.php?rest_route=%2Fwp%2Fv2%2Fcategories&post=3431"},{"taxonomy":"post_tag","embeddable":true,"href":"https:\/\/fmlibertadfeliciano.com.ar\/index.php?rest_route=%2Fwp%2Fv2%2Ftags&post=3431"}],"curies":[{"name":"wp","href":"https:\/\/api.w.org\/{rel}","templated":true}]}}