{"id":3433,"date":"2026-04-25T02:23:47","date_gmt":"2026-04-25T02:23:47","guid":{"rendered":"https:\/\/fmlibertadfeliciano.com.ar\/?p=3433"},"modified":"2026-04-25T02:23:47","modified_gmt":"2026-04-25T02:23:47","slug":"miguel-barrios-reconstruirse-despues-de-la-tragedia","status":"publish","type":"post","link":"https:\/\/fmlibertadfeliciano.com.ar\/?p=3433","title":{"rendered":"Miguel Barrios: reconstruirse despu\u00e9s de la tragedia"},"content":{"rendered":"<p>\u200b\u00a0<\/p>\n<p>\u200b\u00a0<\/p>\n<p>\u200b<span class=\"cb-itemprop\"><\/span><\/p>\n<p>\u00a0<\/p>\n<p>\u00a0<\/p>\n<p>-Ahora soy pap\u00e1 y soy mam\u00e1.<\/p>\n<p>Miguel Barrios intenta recomponer su vida despu\u00e9s de la tragedia que estrag\u00f3 esa familia que construy\u00f3 con su esposa, Patricia Mena. Ten\u00edan cuatro hijos, viv\u00edan en una casa al costado de Avenida Blas Parera, cerca del Arroyo Colorado.<\/p>\n<p>El 19 de febrero Paran\u00e1 recibi\u00f3 un aguacero voraz. El caudal del arroyo creci\u00f3 con apuro y desarm\u00f3 la casa de Miguel Barrios y su familia, y arrastr\u00f3 trastos y muebles, enseres y paredes, y se llev\u00f3 a Patricia Mena y a la peque\u00f1a Kiara, de 10 a\u00f1os. Sus cuerpos aparecieron a las horas, en el curso del Colorado.<\/p>\n<p>Miguel y lo que qued\u00f3 de su familia -tres hijos, 15, 12 y 5 a\u00f1os- fueron a parar a una casa que les prestaron en el barrio Municipal. La vivienda estaba desocupada, pero tiene due\u00f1os. Miguel dice que est\u00e1 dispuesto a regularizar la tenencia y a pagar lo que deba pagar. Mientras, rechaz\u00f3 las ofertas de la Municipalidad para que se mude a otro lugar. No quiere alejarse del barrio, dice, no quiere m\u00e1s roturas en su vida ya rota.<\/p>\n<p>Ha vuelto a ocuparse de su ocupaci\u00f3n de siempre: es alba\u00f1il. Y sus hijos, a gatas, retomaron la rutina.<\/p>\n<p>Ha rehusado dos ofertas que les ha hecho el Municipio para que se puedan mudar a otros predios, cerca de un arroyo. Dice que sus hijos no soportan vivir cerca de lugares as\u00ed, con un arroyo tan pr\u00f3ximo.<\/p>\n<p>\u201cNo queremos, porque el hecho de que el arroyo est\u00e1 cerca y cuando llueve, el ruido se escucha fuerte. Le hace mal a mis hijos\u201d, razona. \u201cMe ofrecieron terrenos y los materiales para construir. Pero yo trabajo en la construcci\u00f3n todo el d\u00eda, y cuando llego a mi casa no me da el tiempo para seguir en la construcci\u00f3n. Tengo que ocuparme de mis hijos\u201d, agrega. \u201cNo quiero ser malagradecido, pero realmente el trabajo de la construcci\u00f3n es cansador\u201d, apunta.<\/p>\n<p><em>-\u00bfC\u00f3mo est\u00e1n tus hijos ahora?<\/em><\/p>\n<p>-Y, realmente es duro, es duro porque yo los veo mal a los chicos. A m\u00ed no me cuentan nada, pero me doy cuenta que no est\u00e1n bien. No hablan mucho conmigo, ellos est\u00e1n con psic\u00f3logo. Creo que a ellos, como a m\u00ed, todo esto nos duele todav\u00eda. Por eso, quiero que se regularice el tema de la casa porque quiero estar tranquilo.<\/p>\n<p><em>-\u00bfC\u00f3mo consiguieron la asistencia de un psic\u00f3logo?<\/em><\/p>\n<p>-Es de la Polic\u00eda.<\/p>\n<p><em>-\u00bfVan trabajadores sociales a la casa para hacerles un seguimiento?<\/em><\/p>\n<p>-No, sinceramente, no. Estuvieron los primeros d\u00edas y hubo gente de la Municipalidad que me ayud\u00f3 con el tr\u00e1mite de mi nene, pero despu\u00e9s ya no. \u00a0Y sumado a que perdieron su mam\u00e1, una hermana, el cambio de escuela. S\u00ed, yo el hecho que que vivimos ya hace varios a\u00f1os ah\u00ed, en donde est\u00e1bamos, ya hab\u00edamos decidido cambiar de cambiar de de de escuela, \u00bfviste? La quer\u00edamos educar a los ni\u00f1os chicos ac\u00e1 en el catorce. Entonces, o por por el tema de donde vivimos, porque yo no lo puedo llevar pr\u00e1cticamente a los chicos, hay vecinos que que me lo me lo llevan, \u00bfviste? Y hay vecinos que que que me ayudan un mont\u00f3n, bueno, me ayudan m\u00e1s que nada.<\/p>\n<p><em>-\u00bfY c\u00f3mo es el d\u00eda a d\u00eda tuyo? <\/em><\/p>\n<p>-Me cambi\u00f3 totalmente la vida. Lo que yo hac\u00eda antes era trabajar nom\u00e1s, y mi mujer se encargaba de los chicos: de la escuela, del hospital, del centro de salud, de todo. Ahora todo eso me toca a m\u00ed. Soy padre y madre.<\/p>\n<p>\u00a0<\/p>\n<p><strong>Respuesta del Municipio<\/strong><\/p>\n<p>Enrique R\u00edos, secretario de Desarrollo Humano de la Municipalidad de Paran\u00e1, afirm\u00f3 que el Estado municipal asisti\u00f3 en todo momento a la familia de Miguel Barrios, aunque acept\u00f3 las limitaciones para regularizar la situaci\u00f3n de la vivienda que actualmente ocupan por cuanto se trata de una propiedad privada.<\/p>\n<p>\u201cNosotros le hab\u00edamos ofrecido la posibilidad de dos terrenos muy cerca de la zona donde ellos viven, en jurisdicci\u00f3n del barrio Pagani. Miguel nos manifest\u00f3 el temor de los chicos, que hab\u00edan quedado traumatizados por la situaci\u00f3n, que no quer\u00edan volver a vivir cerca de un arroyo\u201d, se\u00f1al\u00f3.<\/p>\n<p>R\u00edos asever\u00f3 que hubo otras propuestas de reubicaci\u00f3n de la familia, pero que en todo momento Miguel Barrios manifest\u00f3 su voluntad de quedarse en la vivienda que le cedieron en calle Cepeda. \u201cAnte eso, desde la Municipalidad hemos \u00a0averiguado fundamentalmente la situaci\u00f3n dominial de esta vivienda. Esa vivienda est\u00e1 a nombre de una se\u00f1ora, Abrego, una se\u00f1ora que ha fallecido. Hemos tratado infructuosamente de poder conectarnos con familiares de esta persona, a los efectos de poder lograr un acuerdo para que Miguel pueda contar con esa casa. Pero hasta el momento no hemos podido localizar a familiares herederos\u201d.<\/p>\n<p>El titular de Desarrollo Humano expres\u00f3 que la vivienda que ocupa Miguel Barrios no tiene juicio sucesorio iniciado. \u201cEsto lo hemos averiguado en la Justicia. Pero evidentemente el Estado municipal no puede darle a Miguel una casa que no es del Estado municipal. En esto, yo no le puedo mentir a Miguel\u201d, apunt\u00f3.<\/p>\n<p>\u00a0<\/p>\n<p>\u00a0<\/p>\n<p>\u00a0<\/p>\n<p>De la Redacci\u00f3n de Entre R\u00edos Ahora<\/p>\n<p>\u00a0\u00a0 \u00a0 -Ahora soy pap\u00e1 y soy mam\u00e1. Miguel Barrios intenta recomponer su vida despu\u00e9s de la tragedia que estrag\u00f3 esa familia que construy\u00f3 con su esposa, Patricia Mena. Ten\u00edan cuatro hijos, viv\u00edan en una casa al costado de Avenida Blas Parera, cerca del Arroyo Colorado. El 19 de febrero Paran\u00e1 recibi\u00f3 un aguacero voraz.<\/p>","protected":false},"excerpt":{"rendered":"<div class=\"mh-excerpt\"><p>\u200b\u00a0 \u200b\u00a0 \u200b \u00a0 \u00a0 -Ahora soy pap\u00e1 y soy mam\u00e1. Miguel Barrios intenta recomponer su vida despu\u00e9s de la tragedia que estrag\u00f3 esa familia <a class=\"mh-excerpt-more\" href=\"https:\/\/fmlibertadfeliciano.com.ar\/?p=3433\" title=\"Miguel Barrios: reconstruirse despu\u00e9s de la tragedia\">[&#8230;]<\/a><\/p>\n<\/div>","protected":false},"author":1,"featured_media":0,"comment_status":"open","ping_status":"open","sticky":false,"template":"","format":"standard","meta":{"footnotes":""},"categories":[1],"tags":[],"class_list":["post-3433","post","type-post","status-publish","format-standard","hentry","category-sin-categoria"],"_links":{"self":[{"href":"https:\/\/fmlibertadfeliciano.com.ar\/index.php?rest_route=\/wp\/v2\/posts\/3433","targetHints":{"allow":["GET"]}}],"collection":[{"href":"https:\/\/fmlibertadfeliciano.com.ar\/index.php?rest_route=\/wp\/v2\/posts"}],"about":[{"href":"https:\/\/fmlibertadfeliciano.com.ar\/index.php?rest_route=\/wp\/v2\/types\/post"}],"author":[{"embeddable":true,"href":"https:\/\/fmlibertadfeliciano.com.ar\/index.php?rest_route=\/wp\/v2\/users\/1"}],"replies":[{"embeddable":true,"href":"https:\/\/fmlibertadfeliciano.com.ar\/index.php?rest_route=%2Fwp%2Fv2%2Fcomments&post=3433"}],"version-history":[{"count":0,"href":"https:\/\/fmlibertadfeliciano.com.ar\/index.php?rest_route=\/wp\/v2\/posts\/3433\/revisions"}],"wp:attachment":[{"href":"https:\/\/fmlibertadfeliciano.com.ar\/index.php?rest_route=%2Fwp%2Fv2%2Fmedia&parent=3433"}],"wp:term":[{"taxonomy":"category","embeddable":true,"href":"https:\/\/fmlibertadfeliciano.com.ar\/index.php?rest_route=%2Fwp%2Fv2%2Fcategories&post=3433"},{"taxonomy":"post_tag","embeddable":true,"href":"https:\/\/fmlibertadfeliciano.com.ar\/index.php?rest_route=%2Fwp%2Fv2%2Ftags&post=3433"}],"curies":[{"name":"wp","href":"https:\/\/api.w.org\/{rel}","templated":true}]}}