{"id":3434,"date":"2026-04-26T13:39:32","date_gmt":"2026-04-26T13:39:32","guid":{"rendered":"https:\/\/fmlibertadfeliciano.com.ar\/?p=3434"},"modified":"2026-04-26T13:39:32","modified_gmt":"2026-04-26T13:39:32","slug":"milei-condeno-el-tiroteo-en-washington-y-celebro-que-trump-saliera-ileso","status":"publish","type":"post","link":"https:\/\/fmlibertadfeliciano.com.ar\/?p=3434","title":{"rendered":"Milei conden\u00f3 el tiroteo en Washington y celebr\u00f3 que Trump saliera ileso"},"content":{"rendered":"<p>\u200b\u00a0<\/p>\n<p>\u200b\u00a0<\/p>\n<p>\u200b<\/p>\n<figure>\n                        <img decoding=\"async\" src=\"https:\/\/apfdigital-s3.cdn.net.ar\/s3i233\/2025\/04\/apfdigital\/images\/01\/82\/68\/1826814_7ed76eae3509567676058663fcf87c9df2169fa8be6ba030c53e9f81c47c1d99\/md.webp\" alt=\"\" class=\"type:primaryImage\" \/><figcaption><\/figcaption><\/figure>\n<p>\u00a0A trav\u00e9s de un comunicado oficial, la administraci\u00f3n argentina expres\u00f3 su \u201cm\u00e1s en\u00e9rgico repudio\u201d al ataque y apunt\u00f3 contra \u201cla ret\u00f3rica violenta\u201d.<\/p>","protected":false},"excerpt":{"rendered":"<div class=\"mh-excerpt\"><p>\u200b\u00a0 \u200b\u00a0 \u200b \u00a0A trav\u00e9s de un comunicado oficial, la administraci\u00f3n argentina expres\u00f3 su \u201cm\u00e1s en\u00e9rgico repudio\u201d al ataque y apunt\u00f3 contra \u201cla ret\u00f3rica violenta\u201d.<\/p>\n<\/div>","protected":false},"author":1,"featured_media":3435,"comment_status":"open","ping_status":"open","sticky":false,"template":"","format":"standard","meta":{"footnotes":""},"categories":[1],"tags":[],"class_list":["post-3434","post","type-post","status-publish","format-standard","has-post-thumbnail","hentry","category-sin-categoria"],"_links":{"self":[{"href":"https:\/\/fmlibertadfeliciano.com.ar\/index.php?rest_route=\/wp\/v2\/posts\/3434","targetHints":{"allow":["GET"]}}],"collection":[{"href":"https:\/\/fmlibertadfeliciano.com.ar\/index.php?rest_route=\/wp\/v2\/posts"}],"about":[{"href":"https:\/\/fmlibertadfeliciano.com.ar\/index.php?rest_route=\/wp\/v2\/types\/post"}],"author":[{"embeddable":true,"href":"https:\/\/fmlibertadfeliciano.com.ar\/index.php?rest_route=\/wp\/v2\/users\/1"}],"replies":[{"embeddable":true,"href":"https:\/\/fmlibertadfeliciano.com.ar\/index.php?rest_route=%2Fwp%2Fv2%2Fcomments&post=3434"}],"version-history":[{"count":0,"href":"https:\/\/fmlibertadfeliciano.com.ar\/index.php?rest_route=\/wp\/v2\/posts\/3434\/revisions"}],"wp:featuredmedia":[{"embeddable":true,"href":"https:\/\/fmlibertadfeliciano.com.ar\/index.php?rest_route=\/wp\/v2\/media\/3435"}],"wp:attachment":[{"href":"https:\/\/fmlibertadfeliciano.com.ar\/index.php?rest_route=%2Fwp%2Fv2%2Fmedia&parent=3434"}],"wp:term":[{"taxonomy":"category","embeddable":true,"href":"https:\/\/fmlibertadfeliciano.com.ar\/index.php?rest_route=%2Fwp%2Fv2%2Fcategories&post=3434"},{"taxonomy":"post_tag","embeddable":true,"href":"https:\/\/fmlibertadfeliciano.com.ar\/index.php?rest_route=%2Fwp%2Fv2%2Ftags&post=3434"}],"curies":[{"name":"wp","href":"https:\/\/api.w.org\/{rel}","templated":true}]}}