{"id":3443,"date":"2026-04-27T14:29:40","date_gmt":"2026-04-27T14:29:40","guid":{"rendered":"https:\/\/fmlibertadfeliciano.com.ar\/?p=3443"},"modified":"2026-04-27T14:29:40","modified_gmt":"2026-04-27T14:29:40","slug":"se-ejecutaran-mejoras-edilicias-y-sanitarias-en-el-instituto-superior-de-villa-paranacito","status":"publish","type":"post","link":"https:\/\/fmlibertadfeliciano.com.ar\/?p=3443","title":{"rendered":"Se ejecutar\u00e1n mejoras edilicias y sanitarias en el Instituto Superior de Villa Paranacito"},"content":{"rendered":"<p>\u200b\u00a0<\/p>\n<p>\u200b\u00a0<\/p>\n<p>\u200b<img loading=\"lazy\" decoding=\"async\" width=\"300\" height=\"200\" src=\"https:\/\/www.eldiario.com.ar\/wp-content\/uploads\/2026\/04\/image-54-20x13.jpeg\" class=\"webfeedsFeaturedVisual jl-lazyload lazyload wp-post-image\" alt=\"\" data-src=\"https:\/\/www.eldiario.com.ar\/wp-content\/uploads\/2026\/04\/image-54-300x200.jpeg\" \/><\/p>\n<hr class=\"wp-block-separator has-alpha-channel-opacity\" \/>\n<p>El Gobierno de Entre R\u00edos llevar\u00e1 adelante la apertura de sobres para la ejecuci\u00f3n de obras edilicias y sanitarias del Instituto Superior de Formaci\u00f3n Docente Continua de Villa Paranacito, en el departamento Islas del Ibicuy. La intervenci\u00f3n comprende un presupuesto oficial de 40 millones de pesos y beneficiar\u00e1 a m\u00e1s de 180 estudiantes de nivel superior.<\/p>\n<figure class=\"wp-block-image size-large\"><img loading=\"lazy\" decoding=\"async\" width=\"1024\" height=\"683\" src=\"https:\/\/www.eldiario.com.ar\/wp-content\/uploads\/2026\/04\/image-54-1024x683.jpeg\" alt=\"\" class=\"wp-image-483995\" \/><\/figure>\n<p><a href=\"https:\/\/web.whatsapp.com\/send?text=Se%20ejecutar%C3%A1n%20mejoras%20edilicias%20y%20sanitarias%20en%20el%20Instituto%20Superior%20de%20Villa%20Paranacito%20%20%20-%20https%3A%2F%2Fportal.entrerios.gov.ar%2Fnoticias%2F76978\" target=\"_blank\" rel=\"noreferrer noopener\"><\/a><a href=\"https:\/\/twitter.com\/intent\/tweet?text=Se%20ejecutar%C3%A1n%20mejoras%20edilicias%20y%20sanitarias%20en%20el%20Instituto%20Superior%20de%20Villa%20Paranacito%20&amp;url=https%3A%2F%2Fportal.entrerios.gov.ar%2Fnoticias%2F76978\" target=\"_blank\" rel=\"noreferrer noopener\"><\/a><a href=\"https:\/\/www.facebook.com\/sharer\/sharer.php?u=https:\/\/portal.entrerios.gov.ar\/noticias\/76978\" target=\"_blank\" rel=\"noreferrer noopener\"><\/a><\/p>\n<p>El establecimiento forma parte del Complejo Educativo de Villa Paranacito junto con otras instituciones educativas. Situado en Avenida Entre R\u00edos 222, constituye la \u00fanica instituci\u00f3n de nivel superior de la localidad. All\u00ed se dictan los profesorados de Educaci\u00f3n Primaria e Inicial, junto con la Tecnicatura Superior en Enfermer\u00eda, con una matr\u00edcula de 189 estudiantes y m\u00e1s de 50 docentes. Adem\u00e1s, el predio incluye el Museo \u201cOy\u00e9 Nden\u201d, un espacio que alberga material arqueol\u00f3gico y bioarqueol\u00f3gico del delta inferior.<\/p>\n<p>El acto administrativo tendr\u00e1 lugar el jueves 30 de abril a las 11 horas, en las oficinas de la Direcci\u00f3n General de Arquitectura y Construcciones, dependiente del Ministerio de Planeamiento e Infraestructura. El proyecto comprende un presupuesto oficial de 40.005.621 pesos y un plazo de ejecuci\u00f3n de 60 d\u00edas corridos.<\/p>\n<p>El ministro de Planeamiento e Infraestructura, Hern\u00e1n Jacob, destac\u00f3 la importancia de la intervenci\u00f3n y su impacto en la comunidad educativa: \u201cSe trata de una instituci\u00f3n de importancia para la localidad, ya que es el lugar donde se forman futuros docentes y profesionales de la salud. Mejorar las condiciones edilicias en las instalaciones tendr\u00e1 un impacto directo en la calidad de los espacios de aprendizaje\u201d. Adem\u00e1s, agreg\u00f3 que \u201cestas obras se enmarcan en una planificaci\u00f3n sostenida de fortalecimiento de la infraestructura educativa en el territorio provincial\u201d.<\/p>\n<p>El proyecto comprende la intervenci\u00f3n de 350 metros cuadrados e incluye trabajos prioritarios de reparaci\u00f3n el\u00e9ctrica, sanitaria y edilicia. Entre las principales tareas se realizar\u00e1n impermeabilizaci\u00f3n de losas y muros, mejoras en los sistemas de desag\u00fce pluvial, la puesta en valor de espacios interiores afectados por humedad y el recambio de cubiertas en el sector del museo.<\/p>\n<p>Asimismo, se ejecutar\u00e1n mejoras en las instalaciones el\u00e9ctricas para optimizar la iluminaci\u00f3n y garantizar condiciones adecuadas para el uso de equipamiento, incluyendo nuevos circuitos y tableros. En materia sanitaria, se realizar\u00e1n reparaciones en ca\u00f1er\u00edas, artefactos y desag\u00fces, adem\u00e1s de adecuaciones en el gabinete de enfermer\u00eda para fortalecer las condiciones de higiene y funcionamiento.<\/p>\n<p>\u00a0El Gobierno de Entre R\u00edos llevar\u00e1 adelante la apertura de sobres para la ejecuci\u00f3n de obras edilicias y sanitarias del Instituto Superior de Formaci\u00f3n Docente Continua de Villa Paranacito, en el departamento Islas del Ibicuy. La intervenci\u00f3n comprende un presupuesto oficial de 40 millones de pesos y beneficiar\u00e1 a m\u00e1s de 180 estudiantes de nivel<\/p>","protected":false},"excerpt":{"rendered":"<div class=\"mh-excerpt\"><p>\u200b\u00a0 \u200b\u00a0 \u200b El Gobierno de Entre R\u00edos llevar\u00e1 adelante la apertura de sobres para la ejecuci\u00f3n de obras edilicias y sanitarias del Instituto Superior <a class=\"mh-excerpt-more\" href=\"https:\/\/fmlibertadfeliciano.com.ar\/?p=3443\" title=\"Se ejecutar\u00e1n mejoras edilicias y sanitarias en el Instituto Superior de Villa Paranacito\">[&#8230;]<\/a><\/p>\n<\/div>","protected":false},"author":1,"featured_media":3444,"comment_status":"open","ping_status":"open","sticky":false,"template":"","format":"standard","meta":{"footnotes":""},"categories":[1],"tags":[],"class_list":["post-3443","post","type-post","status-publish","format-standard","has-post-thumbnail","hentry","category-sin-categoria"],"_links":{"self":[{"href":"https:\/\/fmlibertadfeliciano.com.ar\/index.php?rest_route=\/wp\/v2\/posts\/3443","targetHints":{"allow":["GET"]}}],"collection":[{"href":"https:\/\/fmlibertadfeliciano.com.ar\/index.php?rest_route=\/wp\/v2\/posts"}],"about":[{"href":"https:\/\/fmlibertadfeliciano.com.ar\/index.php?rest_route=\/wp\/v2\/types\/post"}],"author":[{"embeddable":true,"href":"https:\/\/fmlibertadfeliciano.com.ar\/index.php?rest_route=\/wp\/v2\/users\/1"}],"replies":[{"embeddable":true,"href":"https:\/\/fmlibertadfeliciano.com.ar\/index.php?rest_route=%2Fwp%2Fv2%2Fcomments&post=3443"}],"version-history":[{"count":0,"href":"https:\/\/fmlibertadfeliciano.com.ar\/index.php?rest_route=\/wp\/v2\/posts\/3443\/revisions"}],"wp:featuredmedia":[{"embeddable":true,"href":"https:\/\/fmlibertadfeliciano.com.ar\/index.php?rest_route=\/wp\/v2\/media\/3444"}],"wp:attachment":[{"href":"https:\/\/fmlibertadfeliciano.com.ar\/index.php?rest_route=%2Fwp%2Fv2%2Fmedia&parent=3443"}],"wp:term":[{"taxonomy":"category","embeddable":true,"href":"https:\/\/fmlibertadfeliciano.com.ar\/index.php?rest_route=%2Fwp%2Fv2%2Fcategories&post=3443"},{"taxonomy":"post_tag","embeddable":true,"href":"https:\/\/fmlibertadfeliciano.com.ar\/index.php?rest_route=%2Fwp%2Fv2%2Ftags&post=3443"}],"curies":[{"name":"wp","href":"https:\/\/api.w.org\/{rel}","templated":true}]}}