{"id":3445,"date":"2026-04-27T14:28:09","date_gmt":"2026-04-27T14:28:09","guid":{"rendered":"https:\/\/fmlibertadfeliciano.com.ar\/?p=3445"},"modified":"2026-04-27T14:28:09","modified_gmt":"2026-04-27T14:28:09","slug":"entre-rios-sera-sede-de-jornadas-para-impulsar-la-innovacion-y-el-desarrollo","status":"publish","type":"post","link":"https:\/\/fmlibertadfeliciano.com.ar\/?p=3445","title":{"rendered":"Entre R\u00edos ser\u00e1 sede de jornadas para impulsar la innovaci\u00f3n y el desarrollo"},"content":{"rendered":"<p>\u200b\u00a0<\/p>\n<p>\u200b\u00a0<\/p>\n<p>\u200b<img loading=\"lazy\" decoding=\"async\" width=\"300\" height=\"169\" src=\"https:\/\/www.eldiario.com.ar\/wp-content\/uploads\/2026\/04\/image-1-20x11.png\" class=\"webfeedsFeaturedVisual jl-lazyload lazyload wp-post-image\" alt=\"\" data-src=\"https:\/\/www.eldiario.com.ar\/wp-content\/uploads\/2026\/04\/image-1-300x169.png\" \/><\/p>\n<hr class=\"wp-block-separator has-alpha-channel-opacity\" \/>\n<hr class=\"wp-block-separator has-alpha-channel-opacity\" \/>\n<p>El gobierno provincial, junto a la Secretar\u00eda de Innovaci\u00f3n, Ciencia y Tecnolog\u00eda de la Naci\u00f3n, llevar\u00e1 adelante las jornadas de Innovaci\u00f3n para el Desarrollo Productivo. El encuentro se realizar\u00e1 este lunes 27 y martes 28 de abril en Paran\u00e1, con el objetivo de promover proyectos cient\u00edfico-tecnol\u00f3gicos con impacto en el desarrollo productivo y social de la provincia.<\/p>\n<figure class=\"wp-block-image size-large\"><img loading=\"lazy\" decoding=\"async\" width=\"1024\" height=\"576\" src=\"https:\/\/www.eldiario.com.ar\/wp-content\/uploads\/2026\/04\/image-1-1024x576.png\" alt=\"\" class=\"wp-image-483992\" \/><\/figure>\n<p><a href=\"https:\/\/web.whatsapp.com\/send?text=Entre%20R%C3%ADos%20ser%C3%A1%20sede%20de%20jornadas%20para%20impulsar%20la%20innovaci%C3%B3n%20y%20el%20desarrollo%20%20-%20https%3A%2F%2Fportal.entrerios.gov.ar%2Fnoticias%2F76976\" target=\"_blank\" rel=\"noreferrer noopener\"><\/a><a href=\"https:\/\/twitter.com\/intent\/tweet?text=Entre%20R%C3%ADos%20ser%C3%A1%20sede%20de%20jornadas%20para%20impulsar%20la%20innovaci%C3%B3n%20y%20el%20desarrollo&amp;url=https%3A%2F%2Fportal.entrerios.gov.ar%2Fnoticias%2F76976\" target=\"_blank\" rel=\"noreferrer noopener\"><\/a><a href=\"https:\/\/www.facebook.com\/sharer\/sharer.php?u=https:\/\/portal.entrerios.gov.ar\/noticias\/76976\" target=\"_blank\" rel=\"noreferrer noopener\"><\/a><\/p>\n<p>La actividad tendr\u00e1 lugar en MiradorTEC, ubicado en Gregoria Matorras de San Mart\u00edn 861, en Paran\u00e1. La primera jornada ser\u00e1 este lunes 27 de abril, de 9.30 a 17, y la segunda se desarrollar\u00e1 el martes 28 de abril, de 9.30 a 12.<\/p>\n<p>Durante el encuentro se presentar\u00e1n iniciativas vinculadas a sectores como agtech, salud, alimentos, inteligencia artificial y ambiente. Adem\u00e1s, habr\u00e1 mesas de vinculaci\u00f3n entre referentes de proyectos, inversores y empresas para acercar soluciones innovadoras a necesidades concretas del sector productivo.<\/p>\n<p><strong>Vinculaci\u00f3n y tecnolog\u00eda<\/strong><\/p>\n<p>La apertura estar\u00e1 a cargo del ministro de Desarrollo Econ\u00f3mico, Guillermo Bernaudo, y del secretario de Modernizaci\u00f3n, Emanuel Gainza. Tambi\u00e9n participar\u00e1n referentes de MiradorTEC, la Fundaci\u00f3n Sadosky y la Fundaci\u00f3n Argentina de Nanotecnolog\u00eda. La agenda incluye la presentaci\u00f3n de herramientas estrat\u00e9gicas para el desarrollo de negocios tecnol\u00f3gicos y la transformaci\u00f3n de procesos productivos.<\/p>\n<p>Durante la tarde del lunes se desarrollar\u00e1 el bloque Innovaci\u00f3n en movimiento, con espacios de di\u00e1logo entre investigadores, emprendedores y empresas. El objetivo es consolidar a Entre R\u00edos como una provincia que apuesta al conocimiento y la articulaci\u00f3n p\u00fablico-privada como motores del crecimiento regional.<\/p>\n<p><strong>Financiamiento y gesti\u00f3n<\/strong><\/p>\n<p>La segunda jornada estar\u00e1 enfocada en herramientas de financiamiento. La Agencia I+D+i presentar\u00e1 las l\u00edneas disponibles, criterios de viabilidad y asesoramiento t\u00e9cnico para que pymes y equipos de investigaci\u00f3n puedan fortalecer sus proyectos. Desde el gobierno provincial se busca generar oportunidades para que los proyectos locales escalen y logren impacto econ\u00f3mico.<\/p>\n<p>Las inscripciones para participar se realizan on line. Desde MiradorTEC se invita a todos los sectores interesados a sumarse a esta instancia de vinculaci\u00f3n tecnol\u00f3gica.<\/p>\n<ul>\n<li>\n<\/li><\/ul>\n<ul>\n<li>\n<\/li><\/ul>\n<p>\u00a0El gobierno provincial, junto a la Secretar\u00eda de Innovaci\u00f3n, Ciencia y Tecnolog\u00eda de la Naci\u00f3n, llevar\u00e1 adelante las jornadas de Innovaci\u00f3n para el Desarrollo Productivo. El encuentro se realizar\u00e1 este lunes 27 y martes 28 de abril en Paran\u00e1, con el objetivo de promover proyectos cient\u00edfico-tecnol\u00f3gicos con impacto en el desarrollo productivo y social de<\/p>","protected":false},"excerpt":{"rendered":"<div class=\"mh-excerpt\"><p>\u200b\u00a0 \u200b\u00a0 \u200b El gobierno provincial, junto a la Secretar\u00eda de Innovaci\u00f3n, Ciencia y Tecnolog\u00eda de la Naci\u00f3n, llevar\u00e1 adelante las jornadas de Innovaci\u00f3n para <a class=\"mh-excerpt-more\" href=\"https:\/\/fmlibertadfeliciano.com.ar\/?p=3445\" title=\"Entre R\u00edos ser\u00e1 sede de jornadas para impulsar la innovaci\u00f3n y el desarrollo\">[&#8230;]<\/a><\/p>\n<\/div>","protected":false},"author":1,"featured_media":3446,"comment_status":"open","ping_status":"open","sticky":false,"template":"","format":"standard","meta":{"footnotes":""},"categories":[1],"tags":[],"class_list":["post-3445","post","type-post","status-publish","format-standard","has-post-thumbnail","hentry","category-sin-categoria"],"_links":{"self":[{"href":"https:\/\/fmlibertadfeliciano.com.ar\/index.php?rest_route=\/wp\/v2\/posts\/3445","targetHints":{"allow":["GET"]}}],"collection":[{"href":"https:\/\/fmlibertadfeliciano.com.ar\/index.php?rest_route=\/wp\/v2\/posts"}],"about":[{"href":"https:\/\/fmlibertadfeliciano.com.ar\/index.php?rest_route=\/wp\/v2\/types\/post"}],"author":[{"embeddable":true,"href":"https:\/\/fmlibertadfeliciano.com.ar\/index.php?rest_route=\/wp\/v2\/users\/1"}],"replies":[{"embeddable":true,"href":"https:\/\/fmlibertadfeliciano.com.ar\/index.php?rest_route=%2Fwp%2Fv2%2Fcomments&post=3445"}],"version-history":[{"count":0,"href":"https:\/\/fmlibertadfeliciano.com.ar\/index.php?rest_route=\/wp\/v2\/posts\/3445\/revisions"}],"wp:featuredmedia":[{"embeddable":true,"href":"https:\/\/fmlibertadfeliciano.com.ar\/index.php?rest_route=\/wp\/v2\/media\/3446"}],"wp:attachment":[{"href":"https:\/\/fmlibertadfeliciano.com.ar\/index.php?rest_route=%2Fwp%2Fv2%2Fmedia&parent=3445"}],"wp:term":[{"taxonomy":"category","embeddable":true,"href":"https:\/\/fmlibertadfeliciano.com.ar\/index.php?rest_route=%2Fwp%2Fv2%2Fcategories&post=3445"},{"taxonomy":"post_tag","embeddable":true,"href":"https:\/\/fmlibertadfeliciano.com.ar\/index.php?rest_route=%2Fwp%2Fv2%2Ftags&post=3445"}],"curies":[{"name":"wp","href":"https:\/\/api.w.org\/{rel}","templated":true}]}}