{"id":3455,"date":"2026-04-28T12:34:21","date_gmt":"2026-04-28T12:34:21","guid":{"rendered":"https:\/\/fmlibertadfeliciano.com.ar\/?p=3455"},"modified":"2026-04-28T12:34:22","modified_gmt":"2026-04-28T12:34:22","slug":"viviendas-para-san-jaime-de-la-frontera","status":"publish","type":"post","link":"https:\/\/fmlibertadfeliciano.com.ar\/?p=3455","title":{"rendered":"Viviendas para San Jaime de la Frontera"},"content":{"rendered":"\n<p>El Gobierno de Entre R\u00edos, a trav\u00e9s del IAPV y junto al municipio, avanza en la construcci\u00f3n de 15 nuevas viviendas para la localidad.<\/p>\n\n\n\n<p>El presidente del IAPV, Manuel Sch\u00f6nhals, y la intendenta Miriam D\u00edaz trabajaron en conjunto para impulsar este proyecto que ya fue adjudicado y se encuentra en etapa administrativa.<\/p>\n\n\n\n<p> El municipio asumir\u00e1 la ejecuci\u00f3n de la infraestructura, consolidando el trabajo articulado entre provincia y gobierno local.<\/p>\n\n\n\n<p>\u201cSeguimos construyendo m\u00e1s viviendas para que cada vez m\u00e1s entrerrianos accedan a su hogar\u201d, destacaron desde la gesti\u00f3n provincial.<\/p>\n","protected":false},"excerpt":{"rendered":"<div class=\"mh-excerpt\"><p>El Gobierno de Entre R\u00edos, a trav\u00e9s del IAPV y junto al municipio, avanza en la construcci\u00f3n de 15 nuevas viviendas para la localidad. El <a class=\"mh-excerpt-more\" href=\"https:\/\/fmlibertadfeliciano.com.ar\/?p=3455\" title=\"Viviendas para San Jaime de la Frontera\">[&#8230;]<\/a><\/p>\n<\/div>","protected":false},"author":2,"featured_media":3456,"comment_status":"open","ping_status":"open","sticky":false,"template":"","format":"standard","meta":{"footnotes":""},"categories":[1],"tags":[],"class_list":["post-3455","post","type-post","status-publish","format-standard","has-post-thumbnail","hentry","category-sin-categoria"],"_links":{"self":[{"href":"https:\/\/fmlibertadfeliciano.com.ar\/index.php?rest_route=\/wp\/v2\/posts\/3455","targetHints":{"allow":["GET"]}}],"collection":[{"href":"https:\/\/fmlibertadfeliciano.com.ar\/index.php?rest_route=\/wp\/v2\/posts"}],"about":[{"href":"https:\/\/fmlibertadfeliciano.com.ar\/index.php?rest_route=\/wp\/v2\/types\/post"}],"author":[{"embeddable":true,"href":"https:\/\/fmlibertadfeliciano.com.ar\/index.php?rest_route=\/wp\/v2\/users\/2"}],"replies":[{"embeddable":true,"href":"https:\/\/fmlibertadfeliciano.com.ar\/index.php?rest_route=%2Fwp%2Fv2%2Fcomments&post=3455"}],"version-history":[{"count":1,"href":"https:\/\/fmlibertadfeliciano.com.ar\/index.php?rest_route=\/wp\/v2\/posts\/3455\/revisions"}],"predecessor-version":[{"id":3457,"href":"https:\/\/fmlibertadfeliciano.com.ar\/index.php?rest_route=\/wp\/v2\/posts\/3455\/revisions\/3457"}],"wp:featuredmedia":[{"embeddable":true,"href":"https:\/\/fmlibertadfeliciano.com.ar\/index.php?rest_route=\/wp\/v2\/media\/3456"}],"wp:attachment":[{"href":"https:\/\/fmlibertadfeliciano.com.ar\/index.php?rest_route=%2Fwp%2Fv2%2Fmedia&parent=3455"}],"wp:term":[{"taxonomy":"category","embeddable":true,"href":"https:\/\/fmlibertadfeliciano.com.ar\/index.php?rest_route=%2Fwp%2Fv2%2Fcategories&post=3455"},{"taxonomy":"post_tag","embeddable":true,"href":"https:\/\/fmlibertadfeliciano.com.ar\/index.php?rest_route=%2Fwp%2Fv2%2Ftags&post=3455"}],"curies":[{"name":"wp","href":"https:\/\/api.w.org\/{rel}","templated":true}]}}