{"id":3458,"date":"2026-04-28T12:39:53","date_gmt":"2026-04-28T12:39:53","guid":{"rendered":"https:\/\/fmlibertadfeliciano.com.ar\/?p=3458"},"modified":"2026-04-28T12:41:23","modified_gmt":"2026-04-28T12:41:23","slug":"trump-rechaza-la-propuesta-de-paz-de-iran-y-se-complica-el-final-de-la-guerra","status":"publish","type":"post","link":"https:\/\/fmlibertadfeliciano.com.ar\/?p=3458","title":{"rendered":"Trump rechaza la propuesta de paz de Ir\u00e1n y se complica el final de la guerra"},"content":{"rendered":"\n<p>El <strong>presidente de Estados Unidos, Donald Trump, no est\u00e1 conforme con la \u00faltima propuesta de paz de Ir\u00e1n para reabrir el estrecho de Ormuz y dejar las negociaciones sobre el programa nuclear iran\u00ed para una etapa posterior, seg\u00fan informaron medios estadounidenses que citaron a funcionarios de la Casa Blanca.<\/strong><\/p>\n\n\n\n<p>El mandatario debati\u00f3 la propuesta de Ir\u00e1n con sus principales asesores de seguridad nacional en una reuni\u00f3n celebrada en la Sala de Crisis de la Casa Blanca el lunes por la tarde.<\/p>\n\n\n\n<p>Tras la reuni\u00f3n, una de las personas que asisti\u00f3 afirm\u00f3 que era poco probable que Trump aceptara la propuesta de Ir\u00e1n, inform\u00f3 la<em>&nbsp;CNN.<\/em>&nbsp;Por otro lado, un funcionario estadounidense declar\u00f3 a&nbsp;<em>The New York Times<\/em>&nbsp;que aceptar la propuesta podr\u00eda interpretarse como una negaci\u00f3n de la victoria de Trump, ya que el presidente insisti\u00f3 reiteradamente que Ir\u00e1n no puede tener armas nucleares.<\/p>\n\n\n\n<p>Seg\u00fan public\u00f3&nbsp;<em>Noticias Argentinas,<\/em>&nbsp;el secretario de Estado de EE. UU., Marco Rubio, afirm\u00f3 que la nueva propuesta de Ir\u00e1n \u201ces mejor de lo que pens\u00e1bamos que iban a presentar\u201d, pero subray\u00f3 que cualquier acuerdo debe impedir que Teher\u00e1n desarrolle un arma nuclear, en una entrevista con&nbsp;<em>Fox News.<\/em><\/p>\n\n\n\n<p>Con mediaci\u00f3n de Pakist\u00e1n, Ir\u00e1n hab\u00eda enviado una nueva propuesta de paz a Estados Unidos. La oferta era<strong>&nbsp;reabrir el estrecho de Ormuz y poner fin a la guerra<\/strong>, pero pospone las negociaciones nucleares para una etapa posterior,&nbsp;lo cual ser\u00eda el punto m\u00e1s cr\u00edtico para una aceptaci\u00f3n estadounidense.<\/p>\n","protected":false},"excerpt":{"rendered":"<div class=\"mh-excerpt\"><p>El presidente de Estados Unidos, Donald Trump, no est\u00e1 conforme con la \u00faltima propuesta de paz de Ir\u00e1n para reabrir el estrecho de Ormuz y <a class=\"mh-excerpt-more\" href=\"https:\/\/fmlibertadfeliciano.com.ar\/?p=3458\" title=\"Trump rechaza la propuesta de paz de Ir\u00e1n y se complica el final de la guerra\">[&#8230;]<\/a><\/p>\n<\/div>","protected":false},"author":2,"featured_media":3460,"comment_status":"open","ping_status":"open","sticky":false,"template":"","format":"standard","meta":{"footnotes":""},"categories":[1],"tags":[],"class_list":["post-3458","post","type-post","status-publish","format-standard","has-post-thumbnail","hentry","category-sin-categoria"],"_links":{"self":[{"href":"https:\/\/fmlibertadfeliciano.com.ar\/index.php?rest_route=\/wp\/v2\/posts\/3458","targetHints":{"allow":["GET"]}}],"collection":[{"href":"https:\/\/fmlibertadfeliciano.com.ar\/index.php?rest_route=\/wp\/v2\/posts"}],"about":[{"href":"https:\/\/fmlibertadfeliciano.com.ar\/index.php?rest_route=\/wp\/v2\/types\/post"}],"author":[{"embeddable":true,"href":"https:\/\/fmlibertadfeliciano.com.ar\/index.php?rest_route=\/wp\/v2\/users\/2"}],"replies":[{"embeddable":true,"href":"https:\/\/fmlibertadfeliciano.com.ar\/index.php?rest_route=%2Fwp%2Fv2%2Fcomments&post=3458"}],"version-history":[{"count":1,"href":"https:\/\/fmlibertadfeliciano.com.ar\/index.php?rest_route=\/wp\/v2\/posts\/3458\/revisions"}],"predecessor-version":[{"id":3459,"href":"https:\/\/fmlibertadfeliciano.com.ar\/index.php?rest_route=\/wp\/v2\/posts\/3458\/revisions\/3459"}],"wp:featuredmedia":[{"embeddable":true,"href":"https:\/\/fmlibertadfeliciano.com.ar\/index.php?rest_route=\/wp\/v2\/media\/3460"}],"wp:attachment":[{"href":"https:\/\/fmlibertadfeliciano.com.ar\/index.php?rest_route=%2Fwp%2Fv2%2Fmedia&parent=3458"}],"wp:term":[{"taxonomy":"category","embeddable":true,"href":"https:\/\/fmlibertadfeliciano.com.ar\/index.php?rest_route=%2Fwp%2Fv2%2Fcategories&post=3458"},{"taxonomy":"post_tag","embeddable":true,"href":"https:\/\/fmlibertadfeliciano.com.ar\/index.php?rest_route=%2Fwp%2Fv2%2Ftags&post=3458"}],"curies":[{"name":"wp","href":"https:\/\/api.w.org\/{rel}","templated":true}]}}