{"id":3461,"date":"2026-04-28T12:48:27","date_gmt":"2026-04-28T12:48:27","guid":{"rendered":"https:\/\/fmlibertadfeliciano.com.ar\/?p=3461"},"modified":"2026-04-28T12:48:28","modified_gmt":"2026-04-28T12:48:28","slug":"asamblea-ambiental-gualeguaychu-volvio-a-protestar-contra-upm-con-un-mensaje-urgente-sin-agua-no-hay-vida","status":"publish","type":"post","link":"https:\/\/fmlibertadfeliciano.com.ar\/?p=3461","title":{"rendered":"Asamblea ambiental: Gualeguaychu volvi\u00f3 a protestar contra UPM con un mensaje urgente \u00abSin agua no hay vida\u00bb"},"content":{"rendered":"\n<p>La postal se repite cada a\u00f1o, pero lejos de desgastarse, suma capas de sentido.<\/p>\n\n\n\n<p> Este 26 de abril, la Asamblea Ciudadana Ambiental de Gualeguaych\u00fa protagoniz\u00f3 su 22\u00aa marcha al Puente Internacional General San Mart\u00edn, en una nueva manifestaci\u00f3n contra la planta de celulosa de UPM (ex Botnia), ubicada en Fray Bentos. <\/p>\n\n\n\n<p>La jornada combin\u00f3 movilizaci\u00f3n, memoria y denuncia, con una proclama extensa y contundente que volvi\u00f3 a poner en agenda un conflicto ambiental de m\u00e1s de dos d\u00e9cadas.<\/p>\n\n\n\n<p>Analisis<\/p>\n","protected":false},"excerpt":{"rendered":"<div class=\"mh-excerpt\"><p>La postal se repite cada a\u00f1o, pero lejos de desgastarse, suma capas de sentido. Este 26 de abril, la Asamblea Ciudadana Ambiental de Gualeguaych\u00fa protagoniz\u00f3 <a class=\"mh-excerpt-more\" href=\"https:\/\/fmlibertadfeliciano.com.ar\/?p=3461\" title=\"Asamblea ambiental: Gualeguaychu volvi\u00f3 a protestar contra UPM con un mensaje urgente \u00abSin agua no hay vida\u00bb\">[&#8230;]<\/a><\/p>\n<\/div>","protected":false},"author":2,"featured_media":3462,"comment_status":"open","ping_status":"open","sticky":false,"template":"","format":"standard","meta":{"footnotes":""},"categories":[1],"tags":[],"class_list":["post-3461","post","type-post","status-publish","format-standard","has-post-thumbnail","hentry","category-sin-categoria"],"_links":{"self":[{"href":"https:\/\/fmlibertadfeliciano.com.ar\/index.php?rest_route=\/wp\/v2\/posts\/3461","targetHints":{"allow":["GET"]}}],"collection":[{"href":"https:\/\/fmlibertadfeliciano.com.ar\/index.php?rest_route=\/wp\/v2\/posts"}],"about":[{"href":"https:\/\/fmlibertadfeliciano.com.ar\/index.php?rest_route=\/wp\/v2\/types\/post"}],"author":[{"embeddable":true,"href":"https:\/\/fmlibertadfeliciano.com.ar\/index.php?rest_route=\/wp\/v2\/users\/2"}],"replies":[{"embeddable":true,"href":"https:\/\/fmlibertadfeliciano.com.ar\/index.php?rest_route=%2Fwp%2Fv2%2Fcomments&post=3461"}],"version-history":[{"count":1,"href":"https:\/\/fmlibertadfeliciano.com.ar\/index.php?rest_route=\/wp\/v2\/posts\/3461\/revisions"}],"predecessor-version":[{"id":3463,"href":"https:\/\/fmlibertadfeliciano.com.ar\/index.php?rest_route=\/wp\/v2\/posts\/3461\/revisions\/3463"}],"wp:featuredmedia":[{"embeddable":true,"href":"https:\/\/fmlibertadfeliciano.com.ar\/index.php?rest_route=\/wp\/v2\/media\/3462"}],"wp:attachment":[{"href":"https:\/\/fmlibertadfeliciano.com.ar\/index.php?rest_route=%2Fwp%2Fv2%2Fmedia&parent=3461"}],"wp:term":[{"taxonomy":"category","embeddable":true,"href":"https:\/\/fmlibertadfeliciano.com.ar\/index.php?rest_route=%2Fwp%2Fv2%2Fcategories&post=3461"},{"taxonomy":"post_tag","embeddable":true,"href":"https:\/\/fmlibertadfeliciano.com.ar\/index.php?rest_route=%2Fwp%2Fv2%2Ftags&post=3461"}],"curies":[{"name":"wp","href":"https:\/\/api.w.org\/{rel}","templated":true}]}}