{"id":3465,"date":"2026-04-28T12:54:53","date_gmt":"2026-04-28T12:54:53","guid":{"rendered":"https:\/\/fmlibertadfeliciano.com.ar\/?p=3465"},"modified":"2026-04-28T12:54:54","modified_gmt":"2026-04-28T12:54:54","slug":"una-adolescente-sufrio-la-amputacion-de-una-pierna-tras-un-choque-de-un-camion-y-una-moto","status":"publish","type":"post","link":"https:\/\/fmlibertadfeliciano.com.ar\/?p=3465","title":{"rendered":"Una adolescente sufri\u00f3 la amputaci\u00f3n de una pierna tras un choque de un cami\u00f3n y una moto"},"content":{"rendered":"\n<h2 class=\"wp-block-heading\">La menor circulaba en una Gilera Smash cuando se produjo el impacto con un cami\u00f3n Mercedes Benz 1114. Fue trasladada a Chajar\u00ed y ser\u00e1 intervenida quir\u00fargicamente por las lesiones en una de sus piernas.<\/h2>\n\n\n\n<p>Una&nbsp;<strong>adolescente<\/strong>&nbsp;de 12 a\u00f1os result\u00f3 con heridas de gravedad tras un siniestro vial ocurrido durante la tarde del lunes en la zona de Colonia San Miguel, en jurisdicci\u00f3n de Santa Ana, departamento Federaci\u00f3n.<\/p>\n\n\n\n<p>El hecho se registr\u00f3 en la intersecci\u00f3n de las calles Alejo Peyret y Zampedri, donde, por causas que se investigan, colisionaron una motocicleta y un cami\u00f3n. La menor fue trasladada de urgencia a un centro de salud.<\/p>\n\n\n\n<p>De acuerdo a la informaci\u00f3n oficial, la\u00a0<strong>adolescente<\/strong>\u00a0circulaba en una moto Gilera Smash cuando se produjo el impacto con un cami\u00f3n Mercedes Benz 1114, conducido por un hombre de 36 a\u00f1os.<\/p>\n\n\n\n<h2 class=\"wp-block-heading\"><strong>C\u00f3mo fue el siniestro<\/strong><\/h2>\n\n\n\n<p>Seg\u00fan los primeros datos recabados por&nbsp;<em>Tal Cual Chajar\u00ed<\/em>, la motocicleta transitaba por calle Peyret en sentido norte-sur, mientras que el cami\u00f3n lo hac\u00eda por Zampedri en direcci\u00f3n oeste-este.<\/p>\n\n\n\n<p>En ese cruce se produjo la colisi\u00f3n que dej\u00f3 como saldo a la\u00a0<strong>adolescente<\/strong>\u00a0con lesiones de consideraci\u00f3n, lo que motiv\u00f3 la r\u00e1pida intervenci\u00f3n de los servicios de emergencia.<\/p>\n\n\n\n<p>Tras el impacto, la menor fue asistida en el lugar y luego derivada en un principio al Hospital Santa Rosa de Chajar\u00ed y luego al Masvernat de Concordia.<\/p>\n\n\n\n<h2 class=\"wp-block-heading\"><strong>Estado de salud y traslado<\/strong><\/h2>\n\n\n\n<p>Fuentes m\u00e9dicas indicaron que la&nbsp;<strong>adolescente<\/strong>&nbsp;present\u00f3 m\u00faltiples lesiones y que debi\u00f3 ser sometida a la amputaci\u00f3n de una de sus piernas.<\/p>\n\n\n\n<p>El cuadro fue considerado de gravedad, por lo que permanece bajo atenci\u00f3n especializada en el centro de salud.<\/p>\n\n\n\n<p>El hecho fue puesto en conocimiento de la Fiscal\u00eda actuante, que dispuso las primeras medidas para avanzar con la investigaci\u00f3n. Adem\u00e1s, se procedi\u00f3 al secuestro de los veh\u00edculos involucrados con el objetivo de realizar las pericias correspondientes.<\/p>\n\n\n\n<p>Mientras se intenta determinar la mec\u00e1nica del siniestro, la causa contin\u00faa en etapa de investigaci\u00f3n para establecer responsabilidades.<\/p>\n","protected":false},"excerpt":{"rendered":"<div class=\"mh-excerpt\"><p>La menor circulaba en una Gilera Smash cuando se produjo el impacto con un cami\u00f3n Mercedes Benz 1114. Fue trasladada a Chajar\u00ed y ser\u00e1 intervenida <a class=\"mh-excerpt-more\" href=\"https:\/\/fmlibertadfeliciano.com.ar\/?p=3465\" title=\"Una adolescente sufri\u00f3 la amputaci\u00f3n de una pierna tras un choque de un cami\u00f3n y una moto\">[&#8230;]<\/a><\/p>\n<\/div>","protected":false},"author":2,"featured_media":3466,"comment_status":"open","ping_status":"open","sticky":false,"template":"","format":"standard","meta":{"footnotes":""},"categories":[1],"tags":[],"class_list":["post-3465","post","type-post","status-publish","format-standard","has-post-thumbnail","hentry","category-sin-categoria"],"_links":{"self":[{"href":"https:\/\/fmlibertadfeliciano.com.ar\/index.php?rest_route=\/wp\/v2\/posts\/3465","targetHints":{"allow":["GET"]}}],"collection":[{"href":"https:\/\/fmlibertadfeliciano.com.ar\/index.php?rest_route=\/wp\/v2\/posts"}],"about":[{"href":"https:\/\/fmlibertadfeliciano.com.ar\/index.php?rest_route=\/wp\/v2\/types\/post"}],"author":[{"embeddable":true,"href":"https:\/\/fmlibertadfeliciano.com.ar\/index.php?rest_route=\/wp\/v2\/users\/2"}],"replies":[{"embeddable":true,"href":"https:\/\/fmlibertadfeliciano.com.ar\/index.php?rest_route=%2Fwp%2Fv2%2Fcomments&post=3465"}],"version-history":[{"count":1,"href":"https:\/\/fmlibertadfeliciano.com.ar\/index.php?rest_route=\/wp\/v2\/posts\/3465\/revisions"}],"predecessor-version":[{"id":3467,"href":"https:\/\/fmlibertadfeliciano.com.ar\/index.php?rest_route=\/wp\/v2\/posts\/3465\/revisions\/3467"}],"wp:featuredmedia":[{"embeddable":true,"href":"https:\/\/fmlibertadfeliciano.com.ar\/index.php?rest_route=\/wp\/v2\/media\/3466"}],"wp:attachment":[{"href":"https:\/\/fmlibertadfeliciano.com.ar\/index.php?rest_route=%2Fwp%2Fv2%2Fmedia&parent=3465"}],"wp:term":[{"taxonomy":"category","embeddable":true,"href":"https:\/\/fmlibertadfeliciano.com.ar\/index.php?rest_route=%2Fwp%2Fv2%2Fcategories&post=3465"},{"taxonomy":"post_tag","embeddable":true,"href":"https:\/\/fmlibertadfeliciano.com.ar\/index.php?rest_route=%2Fwp%2Fv2%2Ftags&post=3465"}],"curies":[{"name":"wp","href":"https:\/\/api.w.org\/{rel}","templated":true}]}}