{"id":3468,"date":"2026-04-28T13:03:37","date_gmt":"2026-04-28T13:03:37","guid":{"rendered":"https:\/\/fmlibertadfeliciano.com.ar\/?p=3468"},"modified":"2026-04-28T13:03:38","modified_gmt":"2026-04-28T13:03:38","slug":"feliciano-el-intendente-se-reunio-con-el-gremio-municipal","status":"publish","type":"post","link":"https:\/\/fmlibertadfeliciano.com.ar\/?p=3468","title":{"rendered":"Feliciano: El intendente se reuni\u00f3 con el gremio municipal"},"content":{"rendered":"\n<p>El Presidente Municipal,Damian Arevalo, se reuni\u00f3 con los representantes de los trabajadores  del Municipio para evaluar el estado salarial, la entrega de indumentaria y la aplicaci\u00f3n del estatuto del empleado Municipal.<\/p>\n\n\n\n<p>A sabiendas de la importante merma de ingresos del municipio, se acord\u00f3 igualmente el pago de haberes antes del 1\u00b0 de mayo y un bono extraordinario por el d\u00eda del trabajador de $ 35.000 para todos los empleados de planta y de $30.000 para el resto de los trabajadores contratados ( de servicios y temporarios).<\/p>\n\n\n\n<p>El mes que viene est\u00e1 prevista una nueva reuni\u00f3n para dar un aumento en porcentual de acuerdo a una mejor recaudaci\u00f3n que se espera en el mes de mayo.<\/p>\n","protected":false},"excerpt":{"rendered":"<div class=\"mh-excerpt\"><p>El Presidente Municipal,Damian Arevalo, se reuni\u00f3 con los representantes de los trabajadores del Municipio para evaluar el estado salarial, la entrega de indumentaria y la <a class=\"mh-excerpt-more\" href=\"https:\/\/fmlibertadfeliciano.com.ar\/?p=3468\" title=\"Feliciano: El intendente se reuni\u00f3 con el gremio municipal\">[&#8230;]<\/a><\/p>\n<\/div>","protected":false},"author":2,"featured_media":3469,"comment_status":"open","ping_status":"open","sticky":false,"template":"","format":"standard","meta":{"footnotes":""},"categories":[1],"tags":[],"class_list":["post-3468","post","type-post","status-publish","format-standard","has-post-thumbnail","hentry","category-sin-categoria"],"_links":{"self":[{"href":"https:\/\/fmlibertadfeliciano.com.ar\/index.php?rest_route=\/wp\/v2\/posts\/3468","targetHints":{"allow":["GET"]}}],"collection":[{"href":"https:\/\/fmlibertadfeliciano.com.ar\/index.php?rest_route=\/wp\/v2\/posts"}],"about":[{"href":"https:\/\/fmlibertadfeliciano.com.ar\/index.php?rest_route=\/wp\/v2\/types\/post"}],"author":[{"embeddable":true,"href":"https:\/\/fmlibertadfeliciano.com.ar\/index.php?rest_route=\/wp\/v2\/users\/2"}],"replies":[{"embeddable":true,"href":"https:\/\/fmlibertadfeliciano.com.ar\/index.php?rest_route=%2Fwp%2Fv2%2Fcomments&post=3468"}],"version-history":[{"count":1,"href":"https:\/\/fmlibertadfeliciano.com.ar\/index.php?rest_route=\/wp\/v2\/posts\/3468\/revisions"}],"predecessor-version":[{"id":3470,"href":"https:\/\/fmlibertadfeliciano.com.ar\/index.php?rest_route=\/wp\/v2\/posts\/3468\/revisions\/3470"}],"wp:featuredmedia":[{"embeddable":true,"href":"https:\/\/fmlibertadfeliciano.com.ar\/index.php?rest_route=\/wp\/v2\/media\/3469"}],"wp:attachment":[{"href":"https:\/\/fmlibertadfeliciano.com.ar\/index.php?rest_route=%2Fwp%2Fv2%2Fmedia&parent=3468"}],"wp:term":[{"taxonomy":"category","embeddable":true,"href":"https:\/\/fmlibertadfeliciano.com.ar\/index.php?rest_route=%2Fwp%2Fv2%2Fcategories&post=3468"},{"taxonomy":"post_tag","embeddable":true,"href":"https:\/\/fmlibertadfeliciano.com.ar\/index.php?rest_route=%2Fwp%2Fv2%2Ftags&post=3468"}],"curies":[{"name":"wp","href":"https:\/\/api.w.org\/{rel}","templated":true}]}}