{"id":3472,"date":"2026-04-28T14:05:14","date_gmt":"2026-04-28T14:05:14","guid":{"rendered":"https:\/\/fmlibertadfeliciano.com.ar\/?p=3472"},"modified":"2026-04-28T14:05:14","modified_gmt":"2026-04-28T14:05:14","slug":"amplia-agenda-de-ferias-y-propuestas-por-el-dia-del-trabajador-en-parana","status":"publish","type":"post","link":"https:\/\/fmlibertadfeliciano.com.ar\/?p=3472","title":{"rendered":"Amplia agenda de ferias y propuestas por el D\u00eda del Trabajador en Paran\u00e1"},"content":{"rendered":"<p>\u200b\u00a0<\/p>\n<p>\u200b\u00a0<\/p>\n<p>\u200b<img loading=\"lazy\" decoding=\"async\" width=\"300\" height=\"200\" src=\"https:\/\/www.eldiario.com.ar\/wp-content\/uploads\/2026\/04\/f9576cdb15be435a6427b38a37aaea69-20x13.jpg\" class=\"webfeedsFeaturedVisual jl-lazyload lazyload wp-post-image\" alt=\"\" data-src=\"https:\/\/www.eldiario.com.ar\/wp-content\/uploads\/2026\/04\/f9576cdb15be435a6427b38a37aaea69-300x200.jpg\" \/><\/p>\n<figure class=\"wp-block-image size-large\"><img loading=\"lazy\" decoding=\"async\" width=\"1024\" height=\"682\" src=\"https:\/\/www.eldiario.com.ar\/wp-content\/uploads\/2026\/04\/f9576cdb15be435a6427b38a37aaea69-1024x682.jpg\" alt=\"\" class=\"wp-image-484024\" \/><\/figure>\n<h5 class=\"wp-block-heading\">La Municipalidad de Paran\u00e1 desplegar\u00e1 una variada agenda de ferias, propuestas gastron\u00f3micas y actividades para toda la familia a lo largo de la semana. Las iniciativas se desarrollar\u00e1n en distintos puntos de la capital entrerriana, promoviendo el consumo local y el encuentro comunitario.<\/h5>\n<p>El mi\u00e9rcoles, de 8:00 a 12:30 hs, se realizar\u00e1 una nueva edici\u00f3n de Feria en tu Barrio en la Vecinal CGT, ubicada en el play\u00f3n deportivo sobre Casiano Calder\u00f3n. La propuesta, que continuar\u00e1 el jueves en la Peatonal San Mart\u00edn en el mismo horario, ofrece alimentos a precios populares.<strong>\u00a0<\/strong><\/p>\n<p>El viernes habr\u00e1 m\u00faltiples actividades. De 10:00 a 14:00 hs, Sabores de las Ferias llegar\u00e1 con propuestas gastron\u00f3micas en la intersecci\u00f3n de Salta y Nogoy\u00e1, mientras que en el Mercado Sud se celebrar\u00e1 el D\u00eda del Trabajador con una chocolatada especial para los asistentes.<strong>\u00a0<\/strong><\/p>\n<p>Ese mismo d\u00eda comenzar\u00e1 el \u201cPaseo Matero. Especial D\u00eda del Trabajador\u201d, que se extender\u00e1 hasta el domingo de 10:00 a 22:00 hs en la Costanera de Paran\u00e1, frente a la Plaza Petit Pisant. All\u00ed se podr\u00e1 disfrutar de una feria de emprendedores y artesanos, adem\u00e1s de una variada oferta de gastronom\u00eda patria como locro, cazuelas y empanadas. Tambi\u00e9n se ofrecer\u00e1 asado con cuero, con reservas previas.<strong>\u00a0<\/strong><\/p>\n<p>El s\u00e1bado continuar\u00e1 \u201cFeria en tu Barrio\u201d en la Plaza S\u00e1enz Pe\u00f1a (sobre calle Villaguay), de 8:00 a 12:30 hs. Adem\u00e1s, de 12:00 a 20:00 hs se desarrollar\u00e1 la \u201cFeria Lago Encantado. Especial D\u00eda del Trabajador\u201d en el Parque Gazzano, con la participaci\u00f3n de emprendedores locales.<strong>\u00a0<\/strong><\/p>\n<p>El domingo se repetir\u00e1n las propuestas del Paseo Matero y la Feria Lago Encantado, y se sumar\u00e1 la Feria Periurbana en el Parque Hort\u00edcola, de 9:00 a 18:00 hs. Esta edici\u00f3n especial reunir\u00e1 a emprendedores y productores hort\u00edcolas de la regi\u00f3n.<strong>\u00a0<\/strong><\/p>\n<p>\u201cEsta variada agenda de actividades genera una pluralidad de espacios de trabajo para comerciantes, emprendedores, artesanos,\u00a0 gastron\u00f3micos y productores locales, y es parte de una activa pol\u00edtica de promoci\u00f3n de la comercializaci\u00f3n de la gesti\u00f3n de la intendenta Rosario Romero\u201d, expres\u00f3 el subsecretario de Producci\u00f3n, Oscar Bustamante.<\/p>\n<p>\u00a0La Municipalidad de Paran\u00e1 desplegar\u00e1 una variada agenda de ferias, propuestas gastron\u00f3micas y actividades para toda la familia a lo largo de la semana. Las iniciativas se desarrollar\u00e1n en distintos puntos de la capital entrerriana, promoviendo el consumo local y el encuentro comunitario. El mi\u00e9rcoles, de 8:00 a 12:30 hs, se realizar\u00e1 una nueva edici\u00f3n<\/p>","protected":false},"excerpt":{"rendered":"<div class=\"mh-excerpt\"><p>\u200b\u00a0 \u200b\u00a0 \u200b La Municipalidad de Paran\u00e1 desplegar\u00e1 una variada agenda de ferias, propuestas gastron\u00f3micas y actividades para toda la familia a lo largo de <a class=\"mh-excerpt-more\" href=\"https:\/\/fmlibertadfeliciano.com.ar\/?p=3472\" title=\"Amplia agenda de ferias y propuestas por el D\u00eda del Trabajador en Paran\u00e1\">[&#8230;]<\/a><\/p>\n<\/div>","protected":false},"author":1,"featured_media":3473,"comment_status":"open","ping_status":"open","sticky":false,"template":"","format":"standard","meta":{"footnotes":""},"categories":[1],"tags":[],"class_list":["post-3472","post","type-post","status-publish","format-standard","has-post-thumbnail","hentry","category-sin-categoria"],"_links":{"self":[{"href":"https:\/\/fmlibertadfeliciano.com.ar\/index.php?rest_route=\/wp\/v2\/posts\/3472","targetHints":{"allow":["GET"]}}],"collection":[{"href":"https:\/\/fmlibertadfeliciano.com.ar\/index.php?rest_route=\/wp\/v2\/posts"}],"about":[{"href":"https:\/\/fmlibertadfeliciano.com.ar\/index.php?rest_route=\/wp\/v2\/types\/post"}],"author":[{"embeddable":true,"href":"https:\/\/fmlibertadfeliciano.com.ar\/index.php?rest_route=\/wp\/v2\/users\/1"}],"replies":[{"embeddable":true,"href":"https:\/\/fmlibertadfeliciano.com.ar\/index.php?rest_route=%2Fwp%2Fv2%2Fcomments&post=3472"}],"version-history":[{"count":0,"href":"https:\/\/fmlibertadfeliciano.com.ar\/index.php?rest_route=\/wp\/v2\/posts\/3472\/revisions"}],"wp:featuredmedia":[{"embeddable":true,"href":"https:\/\/fmlibertadfeliciano.com.ar\/index.php?rest_route=\/wp\/v2\/media\/3473"}],"wp:attachment":[{"href":"https:\/\/fmlibertadfeliciano.com.ar\/index.php?rest_route=%2Fwp%2Fv2%2Fmedia&parent=3472"}],"wp:term":[{"taxonomy":"category","embeddable":true,"href":"https:\/\/fmlibertadfeliciano.com.ar\/index.php?rest_route=%2Fwp%2Fv2%2Fcategories&post=3472"},{"taxonomy":"post_tag","embeddable":true,"href":"https:\/\/fmlibertadfeliciano.com.ar\/index.php?rest_route=%2Fwp%2Fv2%2Ftags&post=3472"}],"curies":[{"name":"wp","href":"https:\/\/api.w.org\/{rel}","templated":true}]}}